{"id":13940,"count":1,"description":"","link":"https:\/\/radiosolaris.com.br\/beta\/tag\/leilao-de-veiculos-e-maquinas\/","name":"leil\u00e3o de ve\u00edculos e m\u00e1quinas","slug":"leilao-de-veiculos-e-maquinas","taxonomy":"post_tag","meta":[],"_links":{"self":[{"href":"https:\/\/radiosolaris.com.br\/beta\/wp-json\/wp\/v2\/tags\/13940","targetHints":{"allow":["GET"]}}],"collection":[{"href":"https:\/\/radiosolaris.com.br\/beta\/wp-json\/wp\/v2\/tags"}],"about":[{"href":"https:\/\/radiosolaris.com.br\/beta\/wp-json\/wp\/v2\/taxonomies\/post_tag"}],"wp:post_type":[{"href":"https:\/\/radiosolaris.com.br\/beta\/wp-json\/wp\/v2\/posts?tags=13940"}],"curies":[{"name":"wp","href":"https:\/\/api.w.org\/{rel}","templated":true}]}}