{"id":13490,"count":1,"description":"","link":"https:\/\/radiosolaris.com.br\/beta\/tag\/leilao-maquinas-e-veiculos\/","name":"leil\u00e3o m\u00e1quinas e ve\u00edculos","slug":"leilao-maquinas-e-veiculos","taxonomy":"post_tag","meta":[],"_links":{"self":[{"href":"https:\/\/radiosolaris.com.br\/beta\/wp-json\/wp\/v2\/tags\/13490","targetHints":{"allow":["GET"]}}],"collection":[{"href":"https:\/\/radiosolaris.com.br\/beta\/wp-json\/wp\/v2\/tags"}],"about":[{"href":"https:\/\/radiosolaris.com.br\/beta\/wp-json\/wp\/v2\/taxonomies\/post_tag"}],"wp:post_type":[{"href":"https:\/\/radiosolaris.com.br\/beta\/wp-json\/wp\/v2\/posts?tags=13490"}],"curies":[{"name":"wp","href":"https:\/\/api.w.org\/{rel}","templated":true}]}}