{"id":12456,"count":1,"description":"","link":"https:\/\/radiosolaris.com.br\/beta\/tag\/inauguracao-farmacia-sao-joao\/","name":"Inaugura\u00e7\u00e3o farm\u00e1cia S\u00e3o Jo\u00e3o","slug":"inauguracao-farmacia-sao-joao","taxonomy":"post_tag","meta":[],"_links":{"self":[{"href":"https:\/\/radiosolaris.com.br\/beta\/wp-json\/wp\/v2\/tags\/12456","targetHints":{"allow":["GET"]}}],"collection":[{"href":"https:\/\/radiosolaris.com.br\/beta\/wp-json\/wp\/v2\/tags"}],"about":[{"href":"https:\/\/radiosolaris.com.br\/beta\/wp-json\/wp\/v2\/taxonomies\/post_tag"}],"wp:post_type":[{"href":"https:\/\/radiosolaris.com.br\/beta\/wp-json\/wp\/v2\/posts?tags=12456"}],"curies":[{"name":"wp","href":"https:\/\/api.w.org\/{rel}","templated":true}]}}