{"id":96528,"date":"2022-11-01T09:56:13","date_gmt":"2022-11-01T12:56:13","guid":{"rendered":"https:\/\/radiosolaris.com.br\/beta\/?p=96528"},"modified":"2022-11-01T11:02:10","modified_gmt":"2022-11-01T14:02:10","slug":"matriculas-e-rematriculas-na-rede-municipal-inicia-na-proxima-semana-em-flores-da-cunha","status":"publish","type":"post","link":"https:\/\/radiosolaris.com.br\/beta\/matriculas-e-rematriculas-na-rede-municipal-inicia-na-proxima-semana-em-flores-da-cunha\/","title":{"rendered":"Matr\u00edculas e rematr\u00edculas na rede municipal iniciam na pr\u00f3xima semana em Flores da Cunha"},"content":{"rendered":"\n<h4 id=\"o-prazo-segue-ate-o-dia-11-de-novembro-para-estudantes-da-educacao-infantil-do-ensino-fundamental-e-do-eja\" class=\"wp-block-heading\">O prazo segue at\u00e9 o dia 11 de novembro para estudantes da educa\u00e7\u00e3o infantil, do ensino fundamental e do EJA<\/h4>\n\n\n\n<p>O per\u00edodo de matr\u00edculas e rematr\u00edculas na rede municipal de ensino de Flores da Cunha para o ano de 2023 inicia na segunda-feira (7). O processo \u00e9 destinado para estudantes da educa\u00e7\u00e3o infantil, do ensino fundamental e da Educa\u00e7\u00e3o de Jovens e Adultos (EJA).<\/p>\n\n\n\n<p>A Secretaria de Educa\u00e7\u00e3o do munic\u00edpio orienta os respons\u00e1veis a procurar as secretarias das escolas (conforme o cronograma abaixo).<\/p>\n\n\n\n<p><strong>CRONOGRAMA:<\/strong><br><strong>Dias 07\/11\/2022 e 08\/11\/2022: <\/strong>destinado a novos estudantes que comprovem resid\u00eancia na \u00e1rea de zoneamento do estabelecimento municipal de ensino no ato da matricula.<br><strong>Educa\u00e7\u00e3o Infantil:<\/strong><br>Pr\u00e9-I: deve completar quatro anos at\u00e9 o dia 31 de mar\u00e7o de 2023;<br>Pr\u00e9-II: deve completar cinco anos at\u00e9 o dia 31 de mar\u00e7o de 2023;<br><strong>1\u00ba ano do Ensino Fundamental: <\/strong>deve completar seis anos at\u00e9 o dia 31 de mar\u00e7o de 2023.<br>Educa\u00e7\u00e3o de Jovens e Adultos: ter 18 anos no ato da matr\u00edcula, conforme Resolu\u00e7\u00e3o n\u00ba 343\/2018, do Conselho Estadual de Educa\u00e7\u00e3o.<br><strong>Dias 09\/11\/2022 e 10\/11\/2022: <\/strong>destinado a novos estudantes que tenham irm\u00e3os matriculados no estabelecimento municipal de ensino o qual pretendem se matricular.<br><strong>Dia 11\/11\/2022: <\/strong>destinado ao preenchimento de vagas em aberto para novos alunos cujos pais comprovadamente trabalham na \u00e1rea de zoneamento do estabelecimento municipal de ensino.<\/p>\n\n\n\n<p><strong>DOCUMENTA\u00c7\u00c3O OBRIGAT\u00d3RIA PARA MATR\u00cdCULA:<\/strong><br>&#8211; C\u00f3pia da Certid\u00e3o de Nascimento do estudante;<br>&#8211; C\u00f3pia do CPF do estudante;<br>&#8211; C\u00f3pia do RG do estudante (se possuir);<br>&#8211; C\u00f3pia do cart\u00e3o do SUS do estudante;<br>&#8211; 1 foto 3&#215;4 do estudante;<br>&#8211; C\u00f3pia do comprovante de endere\u00e7o no nome dos pais ou respons\u00e1veis legais<em>; C\u00f3pia do RG e CPF dos pais ou respons\u00e1veis legais<\/em>;<br><em>*Se for respons\u00e1vel legal, trazer a c\u00f3pia do documento de comprova\u00e7\u00e3o.<\/em><\/p>\n\n\n\n<p><strong>Para crian\u00e7as da Educa\u00e7\u00e3o Infantil de 4 e 5 anos:<\/strong><br>&#8211; Atestado original que comprove que a crian\u00e7a est\u00e1 vacinada em conformidade com o Calend\u00e1rio Nacional da &#8211; &#8211; Vacina\u00e7\u00e3o, fornecido pela unidade de sa\u00fade;<br>&#8211; Caderneta de vacina\u00e7\u00e3o.<\/p>\n\n\n\n<p><\/p>\n","protected":false},"excerpt":{"rendered":"<p>O prazo segue at\u00e9 o dia 11 de novembro para estudantes da educa\u00e7\u00e3o infantil, do ensino fundamental e do EJA O per\u00edodo de matr\u00edculas e rematr\u00edculas na rede municipal de&hellip;<\/p>\n","protected":false},"author":16,"featured_media":0,"comment_status":"closed","ping_status":"closed","sticky":false,"template":"","format":"standard","meta":{"_lmt_disableupdate":"","_lmt_disable":"","footnotes":""},"categories":[14376],"tags":[14827,8759,114,4187,7712,5312,992,283],"powerkit_post_featured":[],"class_list":{"0":"post-96528","1":"post","2":"type-post","3":"status-publish","4":"format-standard","6":"category-educacao","7":"tag-alunos-de-flores-da-cunha","8":"tag-escolas-de-flores-da-cunha","9":"tag-flores-da-cunha","10":"tag-matricula","11":"tag-matriculas-e-rematriculas","12":"tag-rede-municipal-de-ensino","13":"tag-serra","14":"tag-serra-gaucha"},"modified_by":null,"_links":{"self":[{"href":"https:\/\/radiosolaris.com.br\/beta\/wp-json\/wp\/v2\/posts\/96528","targetHints":{"allow":["GET"]}}],"collection":[{"href":"https:\/\/radiosolaris.com.br\/beta\/wp-json\/wp\/v2\/posts"}],"about":[{"href":"https:\/\/radiosolaris.com.br\/beta\/wp-json\/wp\/v2\/types\/post"}],"author":[{"embeddable":true,"href":"https:\/\/radiosolaris.com.br\/beta\/wp-json\/wp\/v2\/users\/16"}],"replies":[{"embeddable":true,"href":"https:\/\/radiosolaris.com.br\/beta\/wp-json\/wp\/v2\/comments?post=96528"}],"version-history":[{"count":0,"href":"https:\/\/radiosolaris.com.br\/beta\/wp-json\/wp\/v2\/posts\/96528\/revisions"}],"wp:attachment":[{"href":"https:\/\/radiosolaris.com.br\/beta\/wp-json\/wp\/v2\/media?parent=96528"}],"wp:term":[{"taxonomy":"category","embeddable":true,"href":"https:\/\/radiosolaris.com.br\/beta\/wp-json\/wp\/v2\/categories?post=96528"},{"taxonomy":"post_tag","embeddable":true,"href":"https:\/\/radiosolaris.com.br\/beta\/wp-json\/wp\/v2\/tags?post=96528"},{"taxonomy":"powerkit_post_featured","embeddable":true,"href":"https:\/\/radiosolaris.com.br\/beta\/wp-json\/wp\/v2\/powerkit_post_featured?post=96528"}],"curies":[{"name":"wp","href":"https:\/\/api.w.org\/{rel}","templated":true}]}}