{"id":96514,"date":"2022-11-01T08:31:38","date_gmt":"2022-11-01T11:31:38","guid":{"rendered":"https:\/\/radiosolaris.com.br\/beta\/?p=96514"},"modified":"2022-11-01T09:17:29","modified_gmt":"2022-11-01T12:17:29","slug":"ex-deputado-francisco-appio-falece-em-porto-alegre","status":"publish","type":"post","link":"https:\/\/radiosolaris.com.br\/beta\/ex-deputado-francisco-appio-falece-em-porto-alegre\/","title":{"rendered":"Ex-deputado Francisco Appio falece em Porto Alegre"},"content":{"rendered":"\n<h4 id=\"o-ex-parlamentar-sera-velado-na-funeraria-sagrada-familia-em-vacaria-ate-as-15h-e-apos-sera-cremado-em-passo-fundo\" class=\"wp-block-heading\">O ex-parlamentar ser\u00e1 velado na Funer\u00e1ria Sagrada Fam\u00edlia em Vacaria at\u00e9 \u00e0s 15h e ap\u00f3s ser\u00e1 cremado em Passo Fundo<\/h4>\n\n\n\n<p>Faleceu na segunda-feira (31), em Porto Alegre o ex-deputado Idivar Francisco Appio de causas n\u00e3o informadas.<\/p>\n\n\n\n<p>Appio nasceu em Lagoa Vermelha em 24 de novembro de 1947. Atuou como radialista em diversos ve\u00edculos de comunica\u00e7\u00e3o e tamb\u00e9m foi banc\u00e1rio. Como escritor publicou dezenas de livros sobre a cultura e a hist\u00f3ria do Rio Grande do Sul, entre eles Sinval Guazelli: um ga\u00facho serrano na hist\u00f3ria brasileira (2004).<\/p>\n\n\n\n<p>Ingressou na pol\u00edtica em 1985 no Partido Democr\u00e1tico Social (PDS) e como parlamentar trabalhou como deputado estadual e federal em prol dos munic\u00edpios da regi\u00e3o incluindo Ant\u00f4nio Prado, entre outros durante cinco mandatos. Era filiado ao Partido Progressistas. Appio j\u00e1 recebeu t\u00edtulo de Cidad\u00e3o Pradense pela C\u00e2mara de Vereadores em 12 de dezembro de 1997 em reconhecimento pelos relevantes servi\u00e7os prestados a comunidade Pradense.<\/p>\n\n\n\n<p>Casado com Helena Maria Leonardelli Appio deixa dois filhos, Daniela Appio Varaschin e Eduardo Appio.<\/p>\n\n\n\n<p>Os atos f\u00fanebres de Appio ser\u00e3o realizados na Funer\u00e1ria Sagrada Fam\u00edlia em Vacaria nesta ter\u00e7a-feira (01), at\u00e9 \u00e0s 15h e ap\u00f3s ser\u00e1 cremado em Passo Fundo.<\/p>\n\n\n\n<p>GZH<\/p>\n","protected":false},"excerpt":{"rendered":"<p>O ex-parlamentar ser\u00e1 velado na Funer\u00e1ria Sagrada Fam\u00edlia em Vacaria at\u00e9 \u00e0s 15h e ap\u00f3s ser\u00e1 cremado em Passo Fundo Faleceu na segunda-feira (31), em Porto Alegre o ex-deputado Idivar&hellip;<\/p>\n","protected":false},"author":21,"featured_media":0,"comment_status":"closed","ping_status":"closed","sticky":false,"template":"","format":"standard","meta":{"_lmt_disableupdate":"","_lmt_disable":"","footnotes":""},"categories":[83],"tags":[1485,14826],"powerkit_post_featured":[],"class_list":{"0":"post-96514","1":"post","2":"type-post","3":"status-publish","4":"format-standard","6":"category-serra-gaucha","7":"tag-falecimento","8":"tag-francisco-appio"},"modified_by":null,"_links":{"self":[{"href":"https:\/\/radiosolaris.com.br\/beta\/wp-json\/wp\/v2\/posts\/96514","targetHints":{"allow":["GET"]}}],"collection":[{"href":"https:\/\/radiosolaris.com.br\/beta\/wp-json\/wp\/v2\/posts"}],"about":[{"href":"https:\/\/radiosolaris.com.br\/beta\/wp-json\/wp\/v2\/types\/post"}],"author":[{"embeddable":true,"href":"https:\/\/radiosolaris.com.br\/beta\/wp-json\/wp\/v2\/users\/21"}],"replies":[{"embeddable":true,"href":"https:\/\/radiosolaris.com.br\/beta\/wp-json\/wp\/v2\/comments?post=96514"}],"version-history":[{"count":0,"href":"https:\/\/radiosolaris.com.br\/beta\/wp-json\/wp\/v2\/posts\/96514\/revisions"}],"wp:attachment":[{"href":"https:\/\/radiosolaris.com.br\/beta\/wp-json\/wp\/v2\/media?parent=96514"}],"wp:term":[{"taxonomy":"category","embeddable":true,"href":"https:\/\/radiosolaris.com.br\/beta\/wp-json\/wp\/v2\/categories?post=96514"},{"taxonomy":"post_tag","embeddable":true,"href":"https:\/\/radiosolaris.com.br\/beta\/wp-json\/wp\/v2\/tags?post=96514"},{"taxonomy":"powerkit_post_featured","embeddable":true,"href":"https:\/\/radiosolaris.com.br\/beta\/wp-json\/wp\/v2\/powerkit_post_featured?post=96514"}],"curies":[{"name":"wp","href":"https:\/\/api.w.org\/{rel}","templated":true}]}}