{"id":92044,"date":"2022-10-31T15:42:13","date_gmt":"2022-10-31T18:42:13","guid":{"rendered":"https:\/\/radiosolaris.com.br\/beta\/?p=92044"},"modified":"2022-10-31T15:42:22","modified_gmt":"2022-10-31T18:42:22","slug":"inscricoes-para-criacao-de-cisternas-em-campestre-da-serra-esta-aberta","status":"publish","type":"post","link":"https:\/\/radiosolaris.com.br\/beta\/inscricoes-para-criacao-de-cisternas-em-campestre-da-serra-esta-aberta\/","title":{"rendered":"Inscri\u00e7\u00f5es para cria\u00e7\u00e3o de cisternas em Campestre da Serra est\u00e1 aberta"},"content":{"rendered":"\n<h4 id=\"prazo-para-pedidos-na-secretaria-de-agricultura-ou-emater-vai-ate-dia-03-de-novembro\" class=\"wp-block-heading\">Prazo para pedidos na Secretaria de Agricultura ou Emater vai at\u00e9 dia 03 de novembro<\/h4>\n\n\n\n<p>O munic\u00edpio de Campestre da Serra foi contemplado com a constru\u00e7\u00e3o de cisternas. Os agricultores familiares interessados dever\u00e3o fazer inscri\u00e7\u00e3o na Secretaria de Agricultura ou no escrit\u00f3rio da Emater at\u00e9 dia 03 de novembro. O reservat\u00f3rio ter\u00e1 capacidade para 60 mil litros de \u00e1gua.<\/p>\n\n\n\n<p>Os interessados dever\u00e3o ter \u00e0 disposi\u00e7\u00e3o uma \u00e1rea de telhado para capta\u00e7\u00e3o de \u00e1gua das chuvas de no m\u00ednimo de 100m\u00b2.<\/p>\n\n\n\n<p>Ser\u00e3o beneficiados os pequenos produtores pecu\u00e1rios, pessoas f\u00edsicas, que tem em sua atividade principal a produ\u00e7\u00e3o leiteira, avicultura, suinocultura e produ\u00e7\u00e3o de hortifrutigranjeiros, contemplando inclusive assentados da reforma agr\u00e1ria, comunidades ind\u00edgenas e integrantes de comunidades remanescentes de quilombos.<\/p>\n\n\n\n<p>Mais informa\u00e7\u00f5es na Secretaria da Agricultura ou na Emater.<\/p>\n\n\n\n<p>Fonte: Campestre da Serra<\/p>\n","protected":false},"excerpt":{"rendered":"<p>Prazo para pedidos na Secretaria de Agricultura ou Emater vai at\u00e9 dia 03 de novembro O munic\u00edpio de Campestre da Serra foi contemplado com a constru\u00e7\u00e3o de cisternas. Os agricultores&hellip;<\/p>\n","protected":false},"author":20,"featured_media":92045,"comment_status":"closed","ping_status":"closed","sticky":false,"template":"","format":"standard","meta":{"_lmt_disableupdate":"","_lmt_disable":"","footnotes":""},"categories":[87],"tags":[386,14823],"powerkit_post_featured":[],"class_list":{"0":"post-92044","1":"post","2":"type-post","3":"status-publish","4":"format-standard","5":"has-post-thumbnail","7":"category-avisos","8":"tag-campestre-da-serra","9":"tag-cisternas"},"modified_by":"Gustavo Zanotto","_links":{"self":[{"href":"https:\/\/radiosolaris.com.br\/beta\/wp-json\/wp\/v2\/posts\/92044","targetHints":{"allow":["GET"]}}],"collection":[{"href":"https:\/\/radiosolaris.com.br\/beta\/wp-json\/wp\/v2\/posts"}],"about":[{"href":"https:\/\/radiosolaris.com.br\/beta\/wp-json\/wp\/v2\/types\/post"}],"author":[{"embeddable":true,"href":"https:\/\/radiosolaris.com.br\/beta\/wp-json\/wp\/v2\/users\/20"}],"replies":[{"embeddable":true,"href":"https:\/\/radiosolaris.com.br\/beta\/wp-json\/wp\/v2\/comments?post=92044"}],"version-history":[{"count":0,"href":"https:\/\/radiosolaris.com.br\/beta\/wp-json\/wp\/v2\/posts\/92044\/revisions"}],"wp:featuredmedia":[{"embeddable":true,"href":"https:\/\/radiosolaris.com.br\/beta\/wp-json\/wp\/v2\/media\/92045"}],"wp:attachment":[{"href":"https:\/\/radiosolaris.com.br\/beta\/wp-json\/wp\/v2\/media?parent=92044"}],"wp:term":[{"taxonomy":"category","embeddable":true,"href":"https:\/\/radiosolaris.com.br\/beta\/wp-json\/wp\/v2\/categories?post=92044"},{"taxonomy":"post_tag","embeddable":true,"href":"https:\/\/radiosolaris.com.br\/beta\/wp-json\/wp\/v2\/tags?post=92044"},{"taxonomy":"powerkit_post_featured","embeddable":true,"href":"https:\/\/radiosolaris.com.br\/beta\/wp-json\/wp\/v2\/powerkit_post_featured?post=92044"}],"curies":[{"name":"wp","href":"https:\/\/api.w.org\/{rel}","templated":true}]}}