{"id":92041,"date":"2022-10-31T15:27:35","date_gmt":"2022-10-31T18:27:35","guid":{"rendered":"https:\/\/radiosolaris.com.br\/beta\/?p=92041"},"modified":"2022-10-31T15:27:56","modified_gmt":"2022-10-31T18:27:56","slug":"linhas-de-onibus-de-caxias-do-sul-operam-com-atrasos-devido-aos-bloqueios-na-rs-122","status":"publish","type":"post","link":"https:\/\/radiosolaris.com.br\/beta\/linhas-de-onibus-de-caxias-do-sul-operam-com-atrasos-devido-aos-bloqueios-na-rs-122\/","title":{"rendered":"Linhas de \u00f4nibus de Caxias do Sul operam com atrasos devido aos bloqueios na RS-122"},"content":{"rendered":"\n<h4 id=\"ubs-de-forqueta-esta-com-equipe-desfalcada-em-funcao-do-acesso-ao-local\" class=\"wp-block-heading\">UBS de Forqueta est\u00e1 com equipe desfalcada em fun\u00e7\u00e3o do acesso ao local<\/h4>\n\n\n\n<p>Foram registrados nesta manh\u00e3 de segunda-feira (31), atrasos nas linhas de \u00f4nibus da zona leste e oeste da cidade, devido aos bloqueios na RS122, em raz\u00e3o de protestos com o resultado das elei\u00e7\u00f5es 2022.<\/p>\n\n\n\n<p>Na zona oeste, as linhas L14 &#8211; Desvio Rizzo, L24 &#8211; Forqueta e L44 &#8211; Cidade Nova est\u00e3o operando com atrasos. A L24 est\u00e1 operando atrav\u00e9s de desvio at\u00e9 Loreto, o que acaba aumentando bastante o tempo de volta. Na zona leste, a L45 &#8211; Pedancino \/ Brandalise opera com atrasos.<\/p>\n\n\n\n<p>A Unidade B\u00e1sica de Sa\u00fade (UBS) Forqueta est\u00e1 com a equipe desfalcada e sem m\u00e9dicos na manh\u00e3 de hoje. O motivo \u00e9 a dificuldade de acesso em fun\u00e7\u00e3o dos bloqueios em rodovias. A abertura da Unidade atrasou porque os funcion\u00e1rios que conseguiram chegar se atrasaram por causa dos bloqueios.<\/p>\n\n\n\n<p>A equipe est\u00e1 orientando a comunidade e reagendando atendimentos. A SMS pede a compreens\u00e3o da comunidade, uma vez que, em fun\u00e7\u00e3o do alto movimento nesta segunda, que \u00e9 dia de agendamento de consultas na UBS e falta de pessoal, as liga\u00e7\u00f5es telef\u00f4nicas podem n\u00e3o ser atendidas.<\/p>\n\n\n\n<p>Foto: Visate\/Divulga\u00e7\u00e3o<\/p>\n\n\n\n<p><\/p>\n","protected":false},"excerpt":{"rendered":"<p>UBS de Forqueta est\u00e1 com equipe desfalcada em fun\u00e7\u00e3o do acesso ao local Foram registrados nesta manh\u00e3 de segunda-feira (31), atrasos nas linhas de \u00f4nibus da zona leste e oeste&hellip;<\/p>\n","protected":false},"author":19,"featured_media":92042,"comment_status":"closed","ping_status":"closed","sticky":false,"template":"","format":"standard","meta":{"_lmt_disableupdate":"","_lmt_disable":"","footnotes":""},"categories":[14235],"tags":[5529,148,8258,283,1283,1070,3231],"powerkit_post_featured":[],"class_list":{"0":"post-92041","1":"post","2":"type-post","3":"status-publish","4":"format-standard","5":"has-post-thumbnail","7":"category-transito","8":"tag-bloqueios","9":"tag-caxias-do-sul","10":"tag-forqueta","11":"tag-serra-gaucha","12":"tag-transporte-publico","13":"tag-ubs","14":"tag-visate"},"modified_by":"Luciano Pettorini","_links":{"self":[{"href":"https:\/\/radiosolaris.com.br\/beta\/wp-json\/wp\/v2\/posts\/92041","targetHints":{"allow":["GET"]}}],"collection":[{"href":"https:\/\/radiosolaris.com.br\/beta\/wp-json\/wp\/v2\/posts"}],"about":[{"href":"https:\/\/radiosolaris.com.br\/beta\/wp-json\/wp\/v2\/types\/post"}],"author":[{"embeddable":true,"href":"https:\/\/radiosolaris.com.br\/beta\/wp-json\/wp\/v2\/users\/19"}],"replies":[{"embeddable":true,"href":"https:\/\/radiosolaris.com.br\/beta\/wp-json\/wp\/v2\/comments?post=92041"}],"version-history":[{"count":0,"href":"https:\/\/radiosolaris.com.br\/beta\/wp-json\/wp\/v2\/posts\/92041\/revisions"}],"wp:featuredmedia":[{"embeddable":true,"href":"https:\/\/radiosolaris.com.br\/beta\/wp-json\/wp\/v2\/media\/92042"}],"wp:attachment":[{"href":"https:\/\/radiosolaris.com.br\/beta\/wp-json\/wp\/v2\/media?parent=92041"}],"wp:term":[{"taxonomy":"category","embeddable":true,"href":"https:\/\/radiosolaris.com.br\/beta\/wp-json\/wp\/v2\/categories?post=92041"},{"taxonomy":"post_tag","embeddable":true,"href":"https:\/\/radiosolaris.com.br\/beta\/wp-json\/wp\/v2\/tags?post=92041"},{"taxonomy":"powerkit_post_featured","embeddable":true,"href":"https:\/\/radiosolaris.com.br\/beta\/wp-json\/wp\/v2\/powerkit_post_featured?post=92041"}],"curies":[{"name":"wp","href":"https:\/\/api.w.org\/{rel}","templated":true}]}}