{"id":91907,"date":"2022-10-29T09:20:56","date_gmt":"2022-10-29T12:20:56","guid":{"rendered":"https:\/\/radiosolaris.com.br\/beta\/?p=91907"},"modified":"2022-10-29T09:21:46","modified_gmt":"2022-10-29T12:21:46","slug":"homem-agride-a-companheira-e-ameaca-com-faca-em-flores-da-cunha","status":"publish","type":"post","link":"https:\/\/radiosolaris.com.br\/beta\/homem-agride-a-companheira-e-ameaca-com-faca-em-flores-da-cunha\/","title":{"rendered":"Homem agride a companheira e amea\u00e7a com faca em Flores da Cunha"},"content":{"rendered":"\n<h4 id=\"fato-foi-registrado-no-comeco-da-madrugada-deste-sabado-29\" class=\"wp-block-heading\">Fato foi registrado no come\u00e7o da madrugada deste s\u00e1bado (29)<\/h4>\n\n\n\n<p>Uma mulher de 28 anos foi v\u00edtima de agress\u00e3o de seu companheiro de 33, no come\u00e7o da madrugada deste s\u00e1bado (29). O fato foi registrado por volta da meia-noite, na Estrada das Ind\u00fastrias, em Flores da Cunha.<\/p>\n\n\n\n<p>De acordo com a Brigada Militar (BM), ao chegarem na resid\u00eancia da v\u00edtima, a mulher informou que seu marido tinha lhe dado um tapa na cara e tamb\u00e9m lhe amea\u00e7ou com uma faca. Al\u00e9m disso, a mulher disse que as agress\u00f5es acontecem constantemente.<\/p>\n\n\n\n<p>Diante dos fatos, a mulher solicitou medida protetiva contra o autor, que possu\u00ed diversos antecedentes criminais, entre eles passagem por homic\u00eddio. Posteriormente, os dois foram encaminhados \u00e0 Delegacia de Pol\u00edcia Pronto Atendimento (DPPA) em Caxias do Sul, onde foi feito o registro da ocorr\u00eancia de Maria da Penha.<\/p>\n","protected":false},"excerpt":{"rendered":"<p>Fato foi registrado no come\u00e7o da madrugada deste s\u00e1bado (29) Uma mulher de 28 anos foi v\u00edtima de agress\u00e3o de seu companheiro de 33, no come\u00e7o da madrugada deste s\u00e1bado&hellip;<\/p>\n","protected":false},"author":13,"featured_media":0,"comment_status":"closed","ping_status":"closed","sticky":false,"template":"","format":"standard","meta":{"_lmt_disableupdate":"","_lmt_disable":"","footnotes":""},"categories":[14234],"tags":[247,158,114,968,3040,992,283],"powerkit_post_featured":[],"class_list":{"0":"post-91907","1":"post","2":"type-post","3":"status-publish","4":"format-standard","6":"category-seguranca","7":"tag-brigada-militar","8":"tag-crime","9":"tag-flores-da-cunha","10":"tag-maria-da-penha","11":"tag-ocorrencia","12":"tag-serra","13":"tag-serra-gaucha"},"modified_by":"Filipe Brogliatto","_links":{"self":[{"href":"https:\/\/radiosolaris.com.br\/beta\/wp-json\/wp\/v2\/posts\/91907","targetHints":{"allow":["GET"]}}],"collection":[{"href":"https:\/\/radiosolaris.com.br\/beta\/wp-json\/wp\/v2\/posts"}],"about":[{"href":"https:\/\/radiosolaris.com.br\/beta\/wp-json\/wp\/v2\/types\/post"}],"author":[{"embeddable":true,"href":"https:\/\/radiosolaris.com.br\/beta\/wp-json\/wp\/v2\/users\/13"}],"replies":[{"embeddable":true,"href":"https:\/\/radiosolaris.com.br\/beta\/wp-json\/wp\/v2\/comments?post=91907"}],"version-history":[{"count":0,"href":"https:\/\/radiosolaris.com.br\/beta\/wp-json\/wp\/v2\/posts\/91907\/revisions"}],"wp:attachment":[{"href":"https:\/\/radiosolaris.com.br\/beta\/wp-json\/wp\/v2\/media?parent=91907"}],"wp:term":[{"taxonomy":"category","embeddable":true,"href":"https:\/\/radiosolaris.com.br\/beta\/wp-json\/wp\/v2\/categories?post=91907"},{"taxonomy":"post_tag","embeddable":true,"href":"https:\/\/radiosolaris.com.br\/beta\/wp-json\/wp\/v2\/tags?post=91907"},{"taxonomy":"powerkit_post_featured","embeddable":true,"href":"https:\/\/radiosolaris.com.br\/beta\/wp-json\/wp\/v2\/powerkit_post_featured?post=91907"}],"curies":[{"name":"wp","href":"https:\/\/api.w.org\/{rel}","templated":true}]}}