{"id":91841,"date":"2022-10-28T10:26:01","date_gmt":"2022-10-28T13:26:01","guid":{"rendered":"https:\/\/radiosolaris.com.br\/beta\/?p=91841"},"modified":"2022-10-28T10:26:48","modified_gmt":"2022-10-28T13:26:48","slug":"duas-pessoas-ficam-feridas-em-acidente-na-rsc-453-em-caxias-do-sul","status":"publish","type":"post","link":"https:\/\/radiosolaris.com.br\/beta\/duas-pessoas-ficam-feridas-em-acidente-na-rsc-453-em-caxias-do-sul\/","title":{"rendered":"Duas pessoas ficam feridas em acidente na RSC-453, em Caxias do Sul"},"content":{"rendered":"\n<h4 id=\"a-colisao-foi-registrada-por-volta-das-7h30min-em-frente-a-concessionaria-de-caminhoes-iveco\" class=\"wp-block-heading\">A colis\u00e3o foi registrada por volta das 7h30min em frente \u00e0 concession\u00e1ria de caminh\u00f5es Iveco<\/h4>\n\n\n\n<p>Duas pessoas ficaram feridas em um acidente no km 72 da RSC-453, na entrada do bairro Cidade Nova, em Caxias do Sul na manh\u00e3 desta sexta-feira (28). O acidente foi registrado por volta das 7h30min em frete \u00e0 concession\u00e1ria de caminh\u00f5es Iveco.<\/p>\n\n\n\n<p>Segundo a Pol\u00edcia Rodovi\u00e1ria Estadual (PRE), o condutor de um Fiat Dobl\u00f2 seguia no sentido Farroupilha-Caxias, quando o motorista de uma Volkswagen Parati, que seguia no sentido contr\u00e1rio, efetuou a convers\u00e3o \u00e0 esquerda para acessar o bairro e acabou sendo atingido pela Dobl\u00f2. &nbsp;<\/p>\n\n\n\n<p>Com o impacto da batida, a Parati acabou capotando e o condutor sofreu alguns ferimentos nas m\u00e3os e o caroneiro ficou preso nas ferragens. O Corpo de Bombeiros auxiliou na retirada do homem do carro e ele foi socorrido por uma ambul\u00e2ncia do Servi\u00e7o de Atendimento M\u00f3vel de Urg\u00eancia (Samu) ao hospital da regi\u00e3o, com ferimentos em uma das pernas e no rosto. O motorista da Dobl\u00f2 n\u00e3o se feriu.<\/p>\n","protected":false},"excerpt":{"rendered":"<p>A colis\u00e3o foi registrada por volta das 7h30min em frente \u00e0 concession\u00e1ria de caminh\u00f5es Iveco Duas pessoas ficaram feridas em um acidente no km 72 da RSC-453, na entrada do&hellip;<\/p>\n","protected":false},"author":16,"featured_media":0,"comment_status":"closed","ping_status":"closed","sticky":false,"template":"","format":"standard","meta":{"_lmt_disableupdate":"","_lmt_disable":"","footnotes":""},"categories":[14235],"tags":[8796,307,6064,14782,14781,14396,148,992,283],"powerkit_post_featured":[],"class_list":{"0":"post-91841","1":"post","2":"type-post","3":"status-publish","4":"format-standard","6":"category-transito","7":"tag-8796","8":"tag-acidente","9":"tag-acidente-com-feridos","10":"tag-acidente-na-453","11":"tag-acidente-na-ers-453","12":"tag-acidente-na-rsc-453","13":"tag-caxias-do-sul","14":"tag-serra","15":"tag-serra-gaucha"},"modified_by":"Bruna Picinini","_links":{"self":[{"href":"https:\/\/radiosolaris.com.br\/beta\/wp-json\/wp\/v2\/posts\/91841","targetHints":{"allow":["GET"]}}],"collection":[{"href":"https:\/\/radiosolaris.com.br\/beta\/wp-json\/wp\/v2\/posts"}],"about":[{"href":"https:\/\/radiosolaris.com.br\/beta\/wp-json\/wp\/v2\/types\/post"}],"author":[{"embeddable":true,"href":"https:\/\/radiosolaris.com.br\/beta\/wp-json\/wp\/v2\/users\/16"}],"replies":[{"embeddable":true,"href":"https:\/\/radiosolaris.com.br\/beta\/wp-json\/wp\/v2\/comments?post=91841"}],"version-history":[{"count":0,"href":"https:\/\/radiosolaris.com.br\/beta\/wp-json\/wp\/v2\/posts\/91841\/revisions"}],"wp:attachment":[{"href":"https:\/\/radiosolaris.com.br\/beta\/wp-json\/wp\/v2\/media?parent=91841"}],"wp:term":[{"taxonomy":"category","embeddable":true,"href":"https:\/\/radiosolaris.com.br\/beta\/wp-json\/wp\/v2\/categories?post=91841"},{"taxonomy":"post_tag","embeddable":true,"href":"https:\/\/radiosolaris.com.br\/beta\/wp-json\/wp\/v2\/tags?post=91841"},{"taxonomy":"powerkit_post_featured","embeddable":true,"href":"https:\/\/radiosolaris.com.br\/beta\/wp-json\/wp\/v2\/powerkit_post_featured?post=91841"}],"curies":[{"name":"wp","href":"https:\/\/api.w.org\/{rel}","templated":true}]}}