{"id":91835,"date":"2022-10-28T09:37:35","date_gmt":"2022-10-28T12:37:35","guid":{"rendered":"https:\/\/radiosolaris.com.br\/beta\/?p=91835"},"modified":"2022-10-28T09:38:11","modified_gmt":"2022-10-28T12:38:11","slug":"e-titulo-pode-ser-baixado-ou-atualizado-ate-sabado","status":"publish","type":"post","link":"https:\/\/radiosolaris.com.br\/beta\/e-titulo-pode-ser-baixado-ou-atualizado-ate-sabado\/","title":{"rendered":"E-T\u00edtulo pode ser baixado ou atualizado at\u00e9\u00a0s\u00e1bado"},"content":{"rendered":"\n<h4 id=\"download-e-gratuito-e-pode-ser-feito-em-celulares-e-tablets\" class=\"wp-block-heading\">Download \u00e9 gratuito e pode ser feito em celulares e tablets<\/h4>\n\n\n\n<p>Termina neste&nbsp;s\u00e1bado&nbsp;(29), v\u00e9spera do pleito do dia 30, o prazo para que os eleitores baixem ou atualizem o e-T\u00edtulo, vers\u00e3o digital que substitui o t\u00edtulo de eleitor em papel nas elei\u00e7\u00f5es de 2022.<img  decoding=\"async\"  src=\"data:image\/png;base64,iVBORw0KGgoAAAANSUhEUgAAAAEAAAABAQMAAAAl21bKAAAAA1BMVEUAAP+KeNJXAAAAAXRSTlMAQObYZgAAAAlwSFlzAAAOxAAADsQBlSsOGwAAAApJREFUCNdjYAAAAAIAAeIhvDMAAAAASUVORK5CYII=\"  class=\" pk-lazyload\"  data-pk-sizes=\"auto\"  data-pk-src=\"https:\/\/agenciabrasil.ebc.com.br\/ebc.png?id=1490707&amp;o=node\" ><img  decoding=\"async\"  src=\"data:image\/png;base64,iVBORw0KGgoAAAANSUhEUgAAAAEAAAABAQMAAAAl21bKAAAAA1BMVEUAAP+KeNJXAAAAAXRSTlMAQObYZgAAAAlwSFlzAAAOxAAADsQBlSsOGwAAAApJREFUCNdjYAAAAAIAAeIhvDMAAAAASUVORK5CYII=\"  class=\" pk-lazyload\"  data-pk-sizes=\"auto\"  data-pk-src=\"https:\/\/agenciabrasil.ebc.com.br\/ebc.gif?id=1490707&amp;o=node\" ><\/p>\n\n\n\n<p>O Tribunal Superior Eleitoral (TSE) orienta o eleitorado a seguir regras de utiliza\u00e7\u00e3o e baixar ou atualizar o e-T\u00edtulo o quanto antes, \u201cpara evitar dificuldades que possam surgir ao deixar a emiss\u00e3o para a \u00faltima hora\u201d.<\/p>\n\n\n\n<p>Implementado em 2018, o e-T\u00edtulo pode ser baixado nos celulares&nbsp;para serem apresentados no momento da vota\u00e7\u00e3o, caso esteja atualizado e com foto. Ele pode ser utilizado tamb\u00e9m para consultas sobre local de vota\u00e7\u00e3o, bem como para justificar aus\u00eancia \u00e0s urnas, emitir certid\u00e3o de quita\u00e7\u00e3o eleitoral e nada consta criminal, entre outros servi\u00e7os.<\/p>\n\n\n\n<p>Segundo o TSE, at\u00e9 as v\u00e9speras do primeiro turno cerca de 30 milh\u00f5es de eleitores ativaram o aplicativo no Brasil e no exterior. Desse total, 13 milh\u00f5es de ativa\u00e7\u00f5es foram feitas&nbsp;em 2022.<\/p>\n\n\n\n<h4 id=\"passo-a-passo\" class=\"wp-block-heading\">Passo a passo<\/h4>\n\n\n\n<p>O&nbsp;<em>download<\/em>&nbsp;do e-T\u00edtulo \u00e9 gratuito e pode ser feito em celulares e&nbsp;<em>tablets<\/em>, para os sistemas Android e iOS, via App Store e Google Play.<\/p>\n\n\n\n<p>\u201c\u00c9 preciso que voc\u00ea j\u00e1 tenha um registro na Justi\u00e7a Eleitoral para liberar o t\u00edtulo digital, que pode ser acessado a qualquer momento. Ap\u00f3s baix\u00e1-lo, basta inserir os dados pessoais solicitados e responder a algumas perguntas. Para validar o acesso, as informa\u00e7\u00f5es s\u00e3o cruzadas com as que constam no sistema da Justi\u00e7a Eleitoral\u201d, explica o TSE.<\/p>\n\n\n\n<p>Segundo o tribunal, eleitores que j\u00e1 t\u00eam o e-T\u00edtulo devem verificar se est\u00e1 tudo certo, mantendo o app atualizado. Dificuldades costumam ser resolvidas com a reinstala\u00e7\u00e3o do aplicativo. \u201cPor\u00e9m, a orienta\u00e7\u00e3o \u00e9 que eleitores n\u00e3o deixem para a \u00faltima hora, pois no dia da elei\u00e7\u00e3o n\u00e3o ser\u00e1 poss\u00edvel resolver eventuais problemas com o uso do app\u201d.<\/p>\n\n\n\n<p>Fonte: Ag\u00eancia Brasil<\/p>\n","protected":false},"excerpt":{"rendered":"<p>Download \u00e9 gratuito e pode ser feito em celulares e tablets Termina neste&nbsp;s\u00e1bado&nbsp;(29), v\u00e9spera do pleito do dia 30, o prazo para que os eleitores baixem ou atualizem o e-T\u00edtulo,&hellip;<\/p>\n","protected":false},"author":21,"featured_media":91836,"comment_status":"closed","ping_status":"closed","sticky":false,"template":"","format":"standard","meta":{"_lmt_disableupdate":"","_lmt_disable":"","footnotes":""},"categories":[14192],"tags":[14780,4957,10554],"powerkit_post_featured":[],"class_list":{"0":"post-91835","1":"post","2":"type-post","3":"status-publish","4":"format-standard","5":"has-post-thumbnail","7":"category-eleicoes","8":"tag-2o-turno","9":"tag-e-titulo","10":"tag-eleicoes-2022"},"modified_by":"Ta\u00eds Vargas","_links":{"self":[{"href":"https:\/\/radiosolaris.com.br\/beta\/wp-json\/wp\/v2\/posts\/91835","targetHints":{"allow":["GET"]}}],"collection":[{"href":"https:\/\/radiosolaris.com.br\/beta\/wp-json\/wp\/v2\/posts"}],"about":[{"href":"https:\/\/radiosolaris.com.br\/beta\/wp-json\/wp\/v2\/types\/post"}],"author":[{"embeddable":true,"href":"https:\/\/radiosolaris.com.br\/beta\/wp-json\/wp\/v2\/users\/21"}],"replies":[{"embeddable":true,"href":"https:\/\/radiosolaris.com.br\/beta\/wp-json\/wp\/v2\/comments?post=91835"}],"version-history":[{"count":0,"href":"https:\/\/radiosolaris.com.br\/beta\/wp-json\/wp\/v2\/posts\/91835\/revisions"}],"wp:featuredmedia":[{"embeddable":true,"href":"https:\/\/radiosolaris.com.br\/beta\/wp-json\/wp\/v2\/media\/91836"}],"wp:attachment":[{"href":"https:\/\/radiosolaris.com.br\/beta\/wp-json\/wp\/v2\/media?parent=91835"}],"wp:term":[{"taxonomy":"category","embeddable":true,"href":"https:\/\/radiosolaris.com.br\/beta\/wp-json\/wp\/v2\/categories?post=91835"},{"taxonomy":"post_tag","embeddable":true,"href":"https:\/\/radiosolaris.com.br\/beta\/wp-json\/wp\/v2\/tags?post=91835"},{"taxonomy":"powerkit_post_featured","embeddable":true,"href":"https:\/\/radiosolaris.com.br\/beta\/wp-json\/wp\/v2\/powerkit_post_featured?post=91835"}],"curies":[{"name":"wp","href":"https:\/\/api.w.org\/{rel}","templated":true}]}}