{"id":91816,"date":"2022-10-28T08:43:34","date_gmt":"2022-10-28T11:43:34","guid":{"rendered":"https:\/\/radiosolaris.com.br\/beta\/?p=91816"},"modified":"2022-10-28T08:43:37","modified_gmt":"2022-10-28T11:43:37","slug":"homem-com-mandado-de-prisao-em-aberto-e-preso-em-nova-roma-do-sul","status":"publish","type":"post","link":"https:\/\/radiosolaris.com.br\/beta\/homem-com-mandado-de-prisao-em-aberto-e-preso-em-nova-roma-do-sul\/","title":{"rendered":"Homem com mandado de pris\u00e3o em aberto \u00e9 preso em Nova Roma do Sul"},"content":{"rendered":"\n<h4 id=\"o-mandado-estava-aberto-na-1a-vara-de-execucao-criminal-regional-de-caxias-do-sul-desde-2018\" class=\"wp-block-heading\">O mandado estava aberto na 1\u00aa Vara de Execu\u00e7\u00e3o Criminal Regional de Caxias do Sul desde 2018<\/h4>\n\n\n\n<p>Um mandado de pris\u00e3o foi cumprido em Nova Roma do Sul na quinta-feira (27), por volta das 14h, na rua Engenharia Carlos Leopoldo.<\/p>\n\n\n\n<p>Durante barreira policial a Brigada Militar abordou um ve\u00edculo Renault Sandero, de cor prata e durante consulta ao sistema integrado foi constatado que o condutor, um homem de 46 anos, estava com mandado de pris\u00e3o em aberto desde 2018, na 1\u00aa Vara de Execu\u00e7\u00e3o Criminal Regional em Caxias do Sul.<\/p>\n\n\n\n<p>Foi dada voz de pris\u00e3o e utilizada algemas para garantir a seguran\u00e7a da guarni\u00e7\u00e3o e do indiv\u00edduo conforme previs\u00e3o legal.<\/p>\n\n\n\n<p>O homem foi conduzido ao posto de sa\u00fade local para laudo m\u00e9dico, apresentado na Delegacia da Pol\u00edcia Civil e posteriormente foi encaminhado ao pres\u00eddio de Caxias do Sul. Ele j\u00e1 possui antecedentes por suspeita de outros crimes como les\u00e3o corporal e amea\u00e7a e \u00e9 acusado de apropria\u00e7\u00e3o ind\u00e9bita e estupro.<br><br><br><\/p>\n","protected":false},"excerpt":{"rendered":"<p>O mandado estava aberto na 1\u00aa Vara de Execu\u00e7\u00e3o Criminal Regional de Caxias do Sul desde 2018 Um mandado de pris\u00e3o foi cumprido em Nova Roma do Sul na quinta-feira&hellip;<\/p>\n","protected":false},"author":21,"featured_media":84829,"comment_status":"closed","ping_status":"closed","sticky":false,"template":"","format":"standard","meta":{"_lmt_disableupdate":"","_lmt_disable":"","footnotes":""},"categories":[14234],"tags":[7081,217],"powerkit_post_featured":[],"class_list":{"0":"post-91816","1":"post","2":"type-post","3":"status-publish","4":"format-standard","5":"has-post-thumbnail","7":"category-seguranca","8":"tag-mandado-de-prisao","9":"tag-nova-roma-do-sul"},"modified_by":"Ta\u00eds Vargas","_links":{"self":[{"href":"https:\/\/radiosolaris.com.br\/beta\/wp-json\/wp\/v2\/posts\/91816","targetHints":{"allow":["GET"]}}],"collection":[{"href":"https:\/\/radiosolaris.com.br\/beta\/wp-json\/wp\/v2\/posts"}],"about":[{"href":"https:\/\/radiosolaris.com.br\/beta\/wp-json\/wp\/v2\/types\/post"}],"author":[{"embeddable":true,"href":"https:\/\/radiosolaris.com.br\/beta\/wp-json\/wp\/v2\/users\/21"}],"replies":[{"embeddable":true,"href":"https:\/\/radiosolaris.com.br\/beta\/wp-json\/wp\/v2\/comments?post=91816"}],"version-history":[{"count":0,"href":"https:\/\/radiosolaris.com.br\/beta\/wp-json\/wp\/v2\/posts\/91816\/revisions"}],"wp:featuredmedia":[{"embeddable":true,"href":"https:\/\/radiosolaris.com.br\/beta\/wp-json\/wp\/v2\/media\/84829"}],"wp:attachment":[{"href":"https:\/\/radiosolaris.com.br\/beta\/wp-json\/wp\/v2\/media?parent=91816"}],"wp:term":[{"taxonomy":"category","embeddable":true,"href":"https:\/\/radiosolaris.com.br\/beta\/wp-json\/wp\/v2\/categories?post=91816"},{"taxonomy":"post_tag","embeddable":true,"href":"https:\/\/radiosolaris.com.br\/beta\/wp-json\/wp\/v2\/tags?post=91816"},{"taxonomy":"powerkit_post_featured","embeddable":true,"href":"https:\/\/radiosolaris.com.br\/beta\/wp-json\/wp\/v2\/powerkit_post_featured?post=91816"}],"curies":[{"name":"wp","href":"https:\/\/api.w.org\/{rel}","templated":true}]}}