{"id":91753,"date":"2022-10-27T11:03:34","date_gmt":"2022-10-27T14:03:34","guid":{"rendered":"https:\/\/radiosolaris.com.br\/beta\/?p=91753"},"modified":"2022-10-27T11:12:23","modified_gmt":"2022-10-27T14:12:23","slug":"jovem-e-preso-por-roubo-de-veiculo-em-flores-da-cunha","status":"publish","type":"post","link":"https:\/\/radiosolaris.com.br\/beta\/jovem-e-preso-por-roubo-de-veiculo-em-flores-da-cunha\/","title":{"rendered":"Jovem \u00e9 preso por roubo de ve\u00edculo em Flores da Cunha"},"content":{"rendered":"\n<h4 id=\"a-ocorrencia-foi-registrada-na-tarde-desta-quarta-feira-26-um-segundo-criminoso-envolvido-fugiu-pelo-mato-e-nao-foi-capturado\" class=\"wp-block-heading\">A ocorr\u00eancia foi registrada na tarde desta quarta-feira (26); um segundo criminoso envolvido fugiu pelo mato e n\u00e3o foi capturado<\/h4>\n\n\n\n<p>Um rapaz de 18 anos foi preso por roubo a ve\u00edculo em Flores da Cunha. A ocorr\u00eancia foi registrada por volta das 16h40min desta quarta-feira (26), na comunidade da Capela Santa Justina. Segundo a Brigada Militar (BM), a guarni\u00e7\u00e3o foi despachada para averiguar um roubo de ve\u00edculo na local, onde dois indiv\u00edduos armados teriam abordado uma mulher de 61 anos e levado seu Renault Captur.<\/p>\n\n\n\n<p>A BM efetuou buscas pela regi\u00e3o e avistou o ve\u00edculo nas proximidades do bairro Villagio. Os criminosos haviam abandonado o carro e fugiram em dire\u00e7\u00e3o ao mato. Diante disso, as guarni\u00e7\u00f5es de Flores da Cunha e Nova P\u00e1dua, juntamente com o setor de intelig\u00eancia da BM e do 4\u00ba Batalh\u00e3o de Pol\u00edcia de Choque (4\u00baBPChoque), conseguiram prender um dos ladr\u00f5es.<\/p>\n\n\n\n<p>Conforme a BM, o indiv\u00edduo de 18 anos indicou onde estaria escondida a motocicleta que eles haviam utilizado no momento do roubo. Diante dos fatos, ele foi preso e encaminhado para a Delegacia de Pol\u00edcia de Caxias do Sul. O carro e a motocicleta foram recolhidos ao guincho. A pol\u00edcia tamb\u00e9m recuperou os pertences da v\u00edtima, como dinheiro, cart\u00f5es de cr\u00e9dito e documentos. O outro criminoso n\u00e3o foi encontrado.<\/p>\n\n\n\n<figure class=\"wp-block-gallery has-nested-images columns-1 is-cropped wp-block-gallery-1 is-layout-flex wp-block-gallery-is-layout-flex\">\n<figure class=\"wp-block-image size-large\"><a href=\"https:\/\/radiosolaris.com.br\/beta\/wp-content\/uploads\/2022\/10\/Jovem-e-preso-por-roubo-de-veiculo-em-Flores-da-Cunha-2.jpeg\"><img  loading=\"lazy\"  decoding=\"async\"  width=\"1160\"  height=\"1091\"  data-id=\"91756\"  src=\"data:image\/png;base64,iVBORw0KGgoAAAANSUhEUgAAAAEAAAABAQMAAAAl21bKAAAAA1BMVEUAAP+KeNJXAAAAAXRSTlMAQObYZgAAAAlwSFlzAAAOxAAADsQBlSsOGwAAAApJREFUCNdjYAAAAAIAAeIhvDMAAAAASUVORK5CYII=\"  alt=\"\"  class=\"wp-image-91756 pk-lazyload\"  data-pk-sizes=\"auto\"  data-ls-sizes=\"auto, (max-width: 1160px) 100vw, 1160px\"  data-pk-src=\"https:\/\/radiosolaris.com.br\/beta\/wp-content\/uploads\/2022\/10\/Jovem-e-preso-por-roubo-de-veiculo-em-Flores-da-Cunha-2-1160x1091.jpeg\"  data-pk-srcset=\"https:\/\/radiosolaris.com.br\/beta\/wp-content\/uploads\/2022\/10\/Jovem-e-preso-por-roubo-de-veiculo-em-Flores-da-Cunha-2-1160x1091.jpeg 1160w, https:\/\/radiosolaris.com.br\/beta\/wp-content\/uploads\/2022\/10\/Jovem-e-preso-por-roubo-de-veiculo-em-Flores-da-Cunha-2-800x753.jpeg 800w, https:\/\/radiosolaris.com.br\/beta\/wp-content\/uploads\/2022\/10\/Jovem-e-preso-por-roubo-de-veiculo-em-Flores-da-Cunha-2.jpeg 1280w\" ><\/a><\/figure>\n\n\n\n<figure class=\"wp-block-image size-large\"><a href=\"https:\/\/radiosolaris.com.br\/beta\/wp-content\/uploads\/2022\/10\/Jovem-e-preso-por-roubo-de-veiculo-em-Flores-da-Cunha-1.jpeg\"><img  loading=\"lazy\"  decoding=\"async\"  width=\"1032\"  height=\"774\"  data-id=\"91755\"  src=\"data:image\/png;base64,iVBORw0KGgoAAAANSUhEUgAAAAEAAAABAQMAAAAl21bKAAAAA1BMVEUAAP+KeNJXAAAAAXRSTlMAQObYZgAAAAlwSFlzAAAOxAAADsQBlSsOGwAAAApJREFUCNdjYAAAAAIAAeIhvDMAAAAASUVORK5CYII=\"  alt=\"\"  class=\"wp-image-91755 pk-lazyload\"  data-pk-sizes=\"auto\"  data-ls-sizes=\"auto, (max-width: 1032px) 100vw, 1032px\"  data-pk-src=\"https:\/\/radiosolaris.com.br\/beta\/wp-content\/uploads\/2022\/10\/Jovem-e-preso-por-roubo-de-veiculo-em-Flores-da-Cunha-1.jpeg\"  data-pk-srcset=\"https:\/\/radiosolaris.com.br\/beta\/wp-content\/uploads\/2022\/10\/Jovem-e-preso-por-roubo-de-veiculo-em-Flores-da-Cunha-1.jpeg 1032w, https:\/\/radiosolaris.com.br\/beta\/wp-content\/uploads\/2022\/10\/Jovem-e-preso-por-roubo-de-veiculo-em-Flores-da-Cunha-1-800x600.jpeg 800w, https:\/\/radiosolaris.com.br\/beta\/wp-content\/uploads\/2022\/10\/Jovem-e-preso-por-roubo-de-veiculo-em-Flores-da-Cunha-1-320x240.jpeg 320w\" ><\/a><\/figure>\n\n\n\n<figure class=\"wp-block-image size-large\"><a href=\"https:\/\/radiosolaris.com.br\/beta\/wp-content\/uploads\/2022\/10\/Jovem-e-preso-por-roubo-de-veiculo-em-Flores-da-Cunha-3.jpeg\"><img  loading=\"lazy\"  decoding=\"async\"  width=\"957\"  height=\"1280\"  data-id=\"91754\"  src=\"data:image\/png;base64,iVBORw0KGgoAAAANSUhEUgAAAAEAAAABAQMAAAAl21bKAAAAA1BMVEUAAP+KeNJXAAAAAXRSTlMAQObYZgAAAAlwSFlzAAAOxAAADsQBlSsOGwAAAApJREFUCNdjYAAAAAIAAeIhvDMAAAAASUVORK5CYII=\"  alt=\"\"  class=\"wp-image-91754 pk-lazyload\"  data-pk-sizes=\"auto\"  data-ls-sizes=\"auto, (max-width: 957px) 100vw, 957px\"  data-pk-src=\"https:\/\/radiosolaris.com.br\/beta\/wp-content\/uploads\/2022\/10\/Jovem-e-preso-por-roubo-de-veiculo-em-Flores-da-Cunha-3.jpeg\"  data-pk-srcset=\"https:\/\/radiosolaris.com.br\/beta\/wp-content\/uploads\/2022\/10\/Jovem-e-preso-por-roubo-de-veiculo-em-Flores-da-Cunha-3.jpeg 957w, https:\/\/radiosolaris.com.br\/beta\/wp-content\/uploads\/2022\/10\/Jovem-e-preso-por-roubo-de-veiculo-em-Flores-da-Cunha-3-800x1070.jpeg 800w\" ><\/a><\/figure>\n<figcaption class=\"blocks-gallery-caption\">Fotos: Brigada Militar\/ Divulga\u00e7\u00e3o<\/figcaption><\/figure>\n","protected":false},"excerpt":{"rendered":"<p>A ocorr\u00eancia foi registrada na tarde desta quarta-feira (26); um segundo criminoso envolvido fugiu pelo mato e n\u00e3o foi capturado Um rapaz de 18 anos foi preso por roubo a&hellip;<\/p>\n","protected":false},"author":16,"featured_media":0,"comment_status":"closed","ping_status":"closed","sticky":false,"template":"","format":"standard","meta":{"_lmt_disableupdate":"","_lmt_disable":"","footnotes":""},"categories":[14234],"tags":[14751,247,11271,158,114,14750,446,7463,14749,992,283],"powerkit_post_featured":[],"class_list":{"0":"post-91753","1":"post","2":"type-post","3":"status-publish","4":"format-standard","6":"category-seguranca","7":"tag-bairro-villagio","8":"tag-brigada-militar","9":"tag-capela-santa-justina","10":"tag-crime","11":"tag-flores-da-cunha","12":"tag-jovem-e-preso","13":"tag-roubo","14":"tag-roubo-de-veiculo","15":"tag-roubo-em-flores-da-cunha","16":"tag-serra","17":"tag-serra-gaucha"},"modified_by":"Bruna Picinini","_links":{"self":[{"href":"https:\/\/radiosolaris.com.br\/beta\/wp-json\/wp\/v2\/posts\/91753","targetHints":{"allow":["GET"]}}],"collection":[{"href":"https:\/\/radiosolaris.com.br\/beta\/wp-json\/wp\/v2\/posts"}],"about":[{"href":"https:\/\/radiosolaris.com.br\/beta\/wp-json\/wp\/v2\/types\/post"}],"author":[{"embeddable":true,"href":"https:\/\/radiosolaris.com.br\/beta\/wp-json\/wp\/v2\/users\/16"}],"replies":[{"embeddable":true,"href":"https:\/\/radiosolaris.com.br\/beta\/wp-json\/wp\/v2\/comments?post=91753"}],"version-history":[{"count":0,"href":"https:\/\/radiosolaris.com.br\/beta\/wp-json\/wp\/v2\/posts\/91753\/revisions"}],"wp:attachment":[{"href":"https:\/\/radiosolaris.com.br\/beta\/wp-json\/wp\/v2\/media?parent=91753"}],"wp:term":[{"taxonomy":"category","embeddable":true,"href":"https:\/\/radiosolaris.com.br\/beta\/wp-json\/wp\/v2\/categories?post=91753"},{"taxonomy":"post_tag","embeddable":true,"href":"https:\/\/radiosolaris.com.br\/beta\/wp-json\/wp\/v2\/tags?post=91753"},{"taxonomy":"powerkit_post_featured","embeddable":true,"href":"https:\/\/radiosolaris.com.br\/beta\/wp-json\/wp\/v2\/powerkit_post_featured?post=91753"}],"curies":[{"name":"wp","href":"https:\/\/api.w.org\/{rel}","templated":true}]}}