{"id":91694,"date":"2022-10-26T10:24:58","date_gmt":"2022-10-26T13:24:58","guid":{"rendered":"https:\/\/radiosolaris.com.br\/beta\/?p=91694"},"modified":"2022-10-26T10:25:03","modified_gmt":"2022-10-26T13:25:03","slug":"ibge-esta-com-vagas-temporarias-abertas-para-o-censo-2022","status":"publish","type":"post","link":"https:\/\/radiosolaris.com.br\/beta\/ibge-esta-com-vagas-temporarias-abertas-para-o-censo-2022\/","title":{"rendered":"IBGE est\u00e1 com vagas tempor\u00e1rias abertas para o Censo 2022"},"content":{"rendered":"\n<h4 id=\"as-vagas-sao-temporarias-e-para-diversas-cidades\" class=\"wp-block-heading\">As vagas s\u00e3o tempor\u00e1rias e para diversas cidades<\/h4>\n\n\n\n<p>O IBGE est\u00e1 oferecendo novas vagas tempor\u00e1rias para o trabalho no Censo2022.<br>As inscri\u00e7\u00f5es para o Processo Seletivo s\u00e3o gratuitas e presenciais.<br><br>Em Ant\u00f4nio Prado as inscri\u00e7\u00f5es podem ser feitas na<strong> <\/strong>Rua do Lupi, n\u00ba 245, bairro Planalto. Em Ip\u00ea poder\u00e3o ser realizadas no Posto de Coleta, localizado na Rua Frei Casemiro Zaffonato, n\u00ba280 &#8211; 408.<\/p>\n\n\n\n<p>Consulte a lista de vagas dispon\u00edveis em cada \u00e1rea <a href=\"https:\/\/www.ibge.gov.br\/acesso-informacao\/institucional\/trabalhe-conosco.html\" data-type=\"URL\" data-id=\"https:\/\/www.ibge.gov.br\/acesso-informacao\/institucional\/trabalhe-conosco.html\" target=\"_blank\" rel=\"noreferrer noopener\">aqui<\/a>. <\/p>\n\n\n\n<p>O IBGE tamb\u00e9m informa a popula\u00e7\u00e3o que os agentes censit\u00e1rios est\u00e3o devidamente uniformizados e identificados e que responder ao Censo n\u00e3o cancelar\u00e1 benef\u00edcios como Aux\u00edlio Emergencial, Aux\u00edlio Brasil, entre outros aux\u00edlios governamentais. As informa\u00e7\u00f5es concedidas s\u00e3o confidenciais e o sigilo \u00e9 garantido por lei. <\/p>\n","protected":false},"excerpt":{"rendered":"<p>As vagas s\u00e3o tempor\u00e1rias e para diversas cidades O IBGE est\u00e1 oferecendo novas vagas tempor\u00e1rias para o trabalho no Censo2022.As inscri\u00e7\u00f5es para o Processo Seletivo s\u00e3o gratuitas e presenciais. Em&hellip;<\/p>\n","protected":false},"author":21,"featured_media":85997,"comment_status":"closed","ping_status":"closed","sticky":false,"template":"","format":"standard","meta":{"_lmt_disableupdate":"","_lmt_disable":"","footnotes":""},"categories":[84],"tags":[9194,885,12877],"powerkit_post_featured":[],"class_list":{"0":"post-91694","1":"post","2":"type-post","3":"status-publish","4":"format-standard","5":"has-post-thumbnail","7":"category-brasil","8":"tag-censo-2022","9":"tag-ibge","10":"tag-vagas-abertas"},"modified_by":"Ta\u00eds Vargas","_links":{"self":[{"href":"https:\/\/radiosolaris.com.br\/beta\/wp-json\/wp\/v2\/posts\/91694","targetHints":{"allow":["GET"]}}],"collection":[{"href":"https:\/\/radiosolaris.com.br\/beta\/wp-json\/wp\/v2\/posts"}],"about":[{"href":"https:\/\/radiosolaris.com.br\/beta\/wp-json\/wp\/v2\/types\/post"}],"author":[{"embeddable":true,"href":"https:\/\/radiosolaris.com.br\/beta\/wp-json\/wp\/v2\/users\/21"}],"replies":[{"embeddable":true,"href":"https:\/\/radiosolaris.com.br\/beta\/wp-json\/wp\/v2\/comments?post=91694"}],"version-history":[{"count":0,"href":"https:\/\/radiosolaris.com.br\/beta\/wp-json\/wp\/v2\/posts\/91694\/revisions"}],"wp:featuredmedia":[{"embeddable":true,"href":"https:\/\/radiosolaris.com.br\/beta\/wp-json\/wp\/v2\/media\/85997"}],"wp:attachment":[{"href":"https:\/\/radiosolaris.com.br\/beta\/wp-json\/wp\/v2\/media?parent=91694"}],"wp:term":[{"taxonomy":"category","embeddable":true,"href":"https:\/\/radiosolaris.com.br\/beta\/wp-json\/wp\/v2\/categories?post=91694"},{"taxonomy":"post_tag","embeddable":true,"href":"https:\/\/radiosolaris.com.br\/beta\/wp-json\/wp\/v2\/tags?post=91694"},{"taxonomy":"powerkit_post_featured","embeddable":true,"href":"https:\/\/radiosolaris.com.br\/beta\/wp-json\/wp\/v2\/powerkit_post_featured?post=91694"}],"curies":[{"name":"wp","href":"https:\/\/api.w.org\/{rel}","templated":true}]}}