{"id":91672,"date":"2022-10-26T07:28:15","date_gmt":"2022-10-26T10:28:15","guid":{"rendered":"https:\/\/radiosolaris.com.br\/beta\/?p=91672"},"modified":"2022-10-26T07:28:19","modified_gmt":"2022-10-26T10:28:19","slug":"campestre-da-serra-tera-ponto-facultativo-nesta-sexta-feira","status":"publish","type":"post","link":"https:\/\/radiosolaris.com.br\/beta\/campestre-da-serra-tera-ponto-facultativo-nesta-sexta-feira\/","title":{"rendered":"Campestre da Serra ter\u00e1 ponto facultativo nesta sexta-feira"},"content":{"rendered":"\n<h4 id=\"na-data-e-comemorado-o-dia-do-servidor-publico\" class=\"wp-block-heading\">Na data \u00e9 comemorado o Dia do Servidor P\u00fablico<\/h4>\n\n\n\n<p>O prefeito de Campestre da Serra Moacir Zanotto assinou o decreto que determina ponto facultativo nas reparti\u00e7\u00f5es do munic\u00edpio nesta sexta-feira (28). Em virtude do Dia do Servidor P\u00fablico, ficam mantidos os servi\u00e7os essenciais e de utilidade p\u00fablica.<\/p>\n\n\n\n<p>Com isso n\u00e3o haver\u00e1 expediente nas Unidades B\u00e1sicas de Sa\u00fade do munic\u00edpio, a Secretaria de Sa\u00fade apenas manter\u00e1 o plant\u00e3o da ambul\u00e2ncia e enfermagem pelo telefone 9 9917-3019.<\/p>\n\n\n\n<p>A carga hor\u00e1ria do dia 28 ser\u00e1 recuperada pelos servidores nos per\u00edodos a serem determinados pelas respectivas Secretarias.<\/p>\n","protected":false},"excerpt":{"rendered":"<p>Na data \u00e9 comemorado o Dia do Servidor P\u00fablico O prefeito de Campestre da Serra Moacir Zanotto assinou o decreto que determina ponto facultativo nas reparti\u00e7\u00f5es do munic\u00edpio nesta sexta-feira&hellip;<\/p>\n","protected":false},"author":20,"featured_media":91673,"comment_status":"closed","ping_status":"closed","sticky":false,"template":"","format":"standard","meta":{"_lmt_disableupdate":"","_lmt_disable":"","footnotes":""},"categories":[87],"tags":[386,14726,14725],"powerkit_post_featured":[],"class_list":{"0":"post-91672","1":"post","2":"type-post","3":"status-publish","4":"format-standard","5":"has-post-thumbnail","7":"category-avisos","8":"tag-campestre-da-serra","9":"tag-dia-do-servidor-publico","10":"tag-ponto-facultativo"},"modified_by":"Gustavo Zanotto","_links":{"self":[{"href":"https:\/\/radiosolaris.com.br\/beta\/wp-json\/wp\/v2\/posts\/91672","targetHints":{"allow":["GET"]}}],"collection":[{"href":"https:\/\/radiosolaris.com.br\/beta\/wp-json\/wp\/v2\/posts"}],"about":[{"href":"https:\/\/radiosolaris.com.br\/beta\/wp-json\/wp\/v2\/types\/post"}],"author":[{"embeddable":true,"href":"https:\/\/radiosolaris.com.br\/beta\/wp-json\/wp\/v2\/users\/20"}],"replies":[{"embeddable":true,"href":"https:\/\/radiosolaris.com.br\/beta\/wp-json\/wp\/v2\/comments?post=91672"}],"version-history":[{"count":0,"href":"https:\/\/radiosolaris.com.br\/beta\/wp-json\/wp\/v2\/posts\/91672\/revisions"}],"wp:featuredmedia":[{"embeddable":true,"href":"https:\/\/radiosolaris.com.br\/beta\/wp-json\/wp\/v2\/media\/91673"}],"wp:attachment":[{"href":"https:\/\/radiosolaris.com.br\/beta\/wp-json\/wp\/v2\/media?parent=91672"}],"wp:term":[{"taxonomy":"category","embeddable":true,"href":"https:\/\/radiosolaris.com.br\/beta\/wp-json\/wp\/v2\/categories?post=91672"},{"taxonomy":"post_tag","embeddable":true,"href":"https:\/\/radiosolaris.com.br\/beta\/wp-json\/wp\/v2\/tags?post=91672"},{"taxonomy":"powerkit_post_featured","embeddable":true,"href":"https:\/\/radiosolaris.com.br\/beta\/wp-json\/wp\/v2\/powerkit_post_featured?post=91672"}],"curies":[{"name":"wp","href":"https:\/\/api.w.org\/{rel}","templated":true}]}}