{"id":91654,"date":"2022-10-25T16:08:09","date_gmt":"2022-10-25T19:08:09","guid":{"rendered":"https:\/\/radiosolaris.com.br\/beta\/?p=91654"},"modified":"2022-10-25T16:10:19","modified_gmt":"2022-10-25T19:10:19","slug":"caminhao-perde-carga-de-agua-e-cacamba-em-acidente-na-ers-122-em-caxias-do-sul","status":"publish","type":"post","link":"https:\/\/radiosolaris.com.br\/beta\/caminhao-perde-carga-de-agua-e-cacamba-em-acidente-na-ers-122-em-caxias-do-sul\/","title":{"rendered":"Caminh\u00e3o perde carga de \u00e1gua e ca\u00e7amba em acidente na ERS-122, em Caxias do Sul"},"content":{"rendered":"\n<h4 id=\"veiculo-transportava-paletes-com-garrafas-de-agua-quando-a-carga-desprendeu-e-caiu-no-acostamento\" class=\"wp-block-heading\">Ve\u00edculo transportava paletes com garrafas de \u00e1gua quando a carga desprendeu e caiu no acostamento<\/h4>\n\n\n\n<p>Um caminh\u00e3o Mercedes-Benz 1113, perdeu a carga que transportava e a ca\u00e7amba do ve\u00edculo, em um acidente registrado por volta das 14h30min desta ter\u00e7a-feira (25), no km 82 da ERS-122, em Caxias do Sul. Ningu\u00e9m ficou ferido.<\/p>\n\n\n\n<p>De acordo com o motorista, de 64 anos, ele seguia na dire\u00e7\u00e3o Caxias-Flores da Cunha, quando a carga de garrafas pet de \u00e1gua que estava armazenada em paletes pendeu para o lado e acabou caindo no acostamento da estrada. Com isso, a pr\u00f3pria ca\u00e7amba de madeira do caminh\u00e3o tamb\u00e9m foi totalmente danificada.<\/p>\n\n\n\n<p>O condutor afirmou ainda que o material seria entregue em Flores, na Rede Sim. Ap\u00f3s o acidente, populares passaram a parar em cima da pista para saquear a carga, o que gera perigo para que novos acidentes aconte\u00e7am. A remo\u00e7\u00e3o das embalagens por terceiros n\u00e3o foi liberada. \u00a0\u00a0\u00a0<\/p>\n\n\n\n<figure class=\"wp-block-gallery has-nested-images columns-1 is-cropped wp-block-gallery-1 is-layout-flex wp-block-gallery-is-layout-flex\">\n<figure class=\"wp-block-image size-large\"><a href=\"https:\/\/radiosolaris.com.br\/beta\/wp-content\/uploads\/2022\/10\/Caminhao-perde-carga-de-agua-e-cacamba-em-acidente-na-ERS-122-em-Caxias-do-Sul-2.jpg\"><img  loading=\"lazy\"  decoding=\"async\"  width=\"1160\"  height=\"870\"  data-id=\"91656\"  src=\"data:image\/png;base64,iVBORw0KGgoAAAANSUhEUgAAAAEAAAABAQMAAAAl21bKAAAAA1BMVEUAAP+KeNJXAAAAAXRSTlMAQObYZgAAAAlwSFlzAAAOxAAADsQBlSsOGwAAAApJREFUCNdjYAAAAAIAAeIhvDMAAAAASUVORK5CYII=\"  alt=\"\"  class=\"wp-image-91656 pk-lazyload\"  data-pk-sizes=\"auto\"  data-ls-sizes=\"auto, (max-width: 1160px) 100vw, 1160px\"  data-pk-src=\"https:\/\/radiosolaris.com.br\/beta\/wp-content\/uploads\/2022\/10\/Caminhao-perde-carga-de-agua-e-cacamba-em-acidente-na-ERS-122-em-Caxias-do-Sul-2-1160x870.jpg\"  data-pk-srcset=\"https:\/\/radiosolaris.com.br\/beta\/wp-content\/uploads\/2022\/10\/Caminhao-perde-carga-de-agua-e-cacamba-em-acidente-na-ERS-122-em-Caxias-do-Sul-2-1160x870.jpg 1160w, https:\/\/radiosolaris.com.br\/beta\/wp-content\/uploads\/2022\/10\/Caminhao-perde-carga-de-agua-e-cacamba-em-acidente-na-ERS-122-em-Caxias-do-Sul-2-800x600.jpg 800w, https:\/\/radiosolaris.com.br\/beta\/wp-content\/uploads\/2022\/10\/Caminhao-perde-carga-de-agua-e-cacamba-em-acidente-na-ERS-122-em-Caxias-do-Sul-2-320x240.jpg 320w, https:\/\/radiosolaris.com.br\/beta\/wp-content\/uploads\/2022\/10\/Caminhao-perde-carga-de-agua-e-cacamba-em-acidente-na-ERS-122-em-Caxias-do-Sul-2.jpg 1280w\" ><\/a><\/figure>\n\n\n\n<figure class=\"wp-block-image size-large\"><a href=\"https:\/\/radiosolaris.com.br\/beta\/wp-content\/uploads\/2022\/10\/Caminhao-perde-carga-de-agua-e-cacamba-em-acidente-na-ERS-122-em-Caxias-do-Sul-1.jpg\"><img  loading=\"lazy\"  decoding=\"async\"  width=\"1160\"  height=\"870\"  data-id=\"91655\"  src=\"data:image\/png;base64,iVBORw0KGgoAAAANSUhEUgAAAAEAAAABAQMAAAAl21bKAAAAA1BMVEUAAP+KeNJXAAAAAXRSTlMAQObYZgAAAAlwSFlzAAAOxAAADsQBlSsOGwAAAApJREFUCNdjYAAAAAIAAeIhvDMAAAAASUVORK5CYII=\"  alt=\"\"  class=\"wp-image-91655 pk-lazyload\"  data-pk-sizes=\"auto\"  data-ls-sizes=\"auto, (max-width: 1160px) 100vw, 1160px\"  data-pk-src=\"https:\/\/radiosolaris.com.br\/beta\/wp-content\/uploads\/2022\/10\/Caminhao-perde-carga-de-agua-e-cacamba-em-acidente-na-ERS-122-em-Caxias-do-Sul-1-1160x870.jpg\"  data-pk-srcset=\"https:\/\/radiosolaris.com.br\/beta\/wp-content\/uploads\/2022\/10\/Caminhao-perde-carga-de-agua-e-cacamba-em-acidente-na-ERS-122-em-Caxias-do-Sul-1-1160x870.jpg 1160w, https:\/\/radiosolaris.com.br\/beta\/wp-content\/uploads\/2022\/10\/Caminhao-perde-carga-de-agua-e-cacamba-em-acidente-na-ERS-122-em-Caxias-do-Sul-1-800x600.jpg 800w, https:\/\/radiosolaris.com.br\/beta\/wp-content\/uploads\/2022\/10\/Caminhao-perde-carga-de-agua-e-cacamba-em-acidente-na-ERS-122-em-Caxias-do-Sul-1-320x240.jpg 320w, https:\/\/radiosolaris.com.br\/beta\/wp-content\/uploads\/2022\/10\/Caminhao-perde-carga-de-agua-e-cacamba-em-acidente-na-ERS-122-em-Caxias-do-Sul-1.jpg 1280w\" ><\/a><\/figure>\n<figcaption class=\"blocks-gallery-caption\">Fotos: Filipe Brogliatto\/ Grupo Solaris<\/figcaption><\/figure>\n\n\n\n<p><strong>S\u00e9rie de acidentes no trecho entre Caxias e Flores da ERS-122<br><\/strong>Este \u00e9 o terceiro acidente de tr\u00e2nsito registrado nesta semana no trecho entre Caxias do Sul e Flores da Cunha. O primeiro deles foi o <a href=\"https:\/\/radiosolaris.com.br\/beta\/carreta-tomba-na-ers-122-entre-caxias-do-sul-e-flores-da-cunha\/\" target=\"_blank\" rel=\"noreferrer noopener\">tombamento de uma carreta que transportava cerveja<\/a> no km 88, ocorrido no s\u00e1bado (22). O motorista sofreu escoria\u00e7\u00f5es leves.<\/p>\n\n\n\n<p>J\u00e1 nesta segunda (24), um acidente semelhante ao desta ter\u00e7a aconteceu no km 84 da rodovia: a <a href=\"https:\/\/radiosolaris.com.br\/beta\/carga-desprende-de-caminhao-e-atinge-tres-carros-na-ers-122-em-caxias-do-sul\/\" target=\"_blank\" rel=\"noreferrer noopener\">carga de capas de metal de um caminh\u00e3o tamb\u00e9m desprendeu<\/a> e caiu sobre a pista e ainda acabou atingindo outros tr\u00eas ve\u00edculos de passeio.<\/p>\n","protected":false},"excerpt":{"rendered":"<p>Ve\u00edculo transportava paletes com garrafas de \u00e1gua quando a carga desprendeu e caiu no acostamento Um caminh\u00e3o Mercedes-Benz 1113, perdeu a carga que transportava e a ca\u00e7amba do ve\u00edculo, em&hellip;<\/p>\n","protected":false},"author":13,"featured_media":91657,"comment_status":"closed","ping_status":"closed","sticky":false,"template":"","format":"standard","meta":{"_lmt_disableupdate":"","_lmt_disable":"","footnotes":""},"categories":[1],"tags":[307,9218,580,148,522,114,14722,992,283],"powerkit_post_featured":[],"class_list":{"0":"post-91654","1":"post","2":"type-post","3":"status-publish","4":"format-standard","5":"has-post-thumbnail","7":"category-geral","8":"tag-acidente","9":"tag-acidente-com-caminhao","10":"tag-caminhao","11":"tag-caxias-do-sul","12":"tag-ers-122-2","13":"tag-flores-da-cunha","14":"tag-km-82-da-ers-122","15":"tag-serra","16":"tag-serra-gaucha"},"modified_by":"Filipe Brogliatto","_links":{"self":[{"href":"https:\/\/radiosolaris.com.br\/beta\/wp-json\/wp\/v2\/posts\/91654","targetHints":{"allow":["GET"]}}],"collection":[{"href":"https:\/\/radiosolaris.com.br\/beta\/wp-json\/wp\/v2\/posts"}],"about":[{"href":"https:\/\/radiosolaris.com.br\/beta\/wp-json\/wp\/v2\/types\/post"}],"author":[{"embeddable":true,"href":"https:\/\/radiosolaris.com.br\/beta\/wp-json\/wp\/v2\/users\/13"}],"replies":[{"embeddable":true,"href":"https:\/\/radiosolaris.com.br\/beta\/wp-json\/wp\/v2\/comments?post=91654"}],"version-history":[{"count":0,"href":"https:\/\/radiosolaris.com.br\/beta\/wp-json\/wp\/v2\/posts\/91654\/revisions"}],"wp:featuredmedia":[{"embeddable":true,"href":"https:\/\/radiosolaris.com.br\/beta\/wp-json\/wp\/v2\/media\/91657"}],"wp:attachment":[{"href":"https:\/\/radiosolaris.com.br\/beta\/wp-json\/wp\/v2\/media?parent=91654"}],"wp:term":[{"taxonomy":"category","embeddable":true,"href":"https:\/\/radiosolaris.com.br\/beta\/wp-json\/wp\/v2\/categories?post=91654"},{"taxonomy":"post_tag","embeddable":true,"href":"https:\/\/radiosolaris.com.br\/beta\/wp-json\/wp\/v2\/tags?post=91654"},{"taxonomy":"powerkit_post_featured","embeddable":true,"href":"https:\/\/radiosolaris.com.br\/beta\/wp-json\/wp\/v2\/powerkit_post_featured?post=91654"}],"curies":[{"name":"wp","href":"https:\/\/api.w.org\/{rel}","templated":true}]}}