{"id":91608,"date":"2022-10-25T15:05:10","date_gmt":"2022-10-25T18:05:10","guid":{"rendered":"https:\/\/radiosolaris.com.br\/beta\/?p=91608"},"modified":"2022-10-25T15:05:12","modified_gmt":"2022-10-25T18:05:12","slug":"acusado-de-ser-contratado-para-cometer-homicidio-em-serafina-correa-e-preso-em-caxias-do-sul","status":"publish","type":"post","link":"https:\/\/radiosolaris.com.br\/beta\/acusado-de-ser-contratado-para-cometer-homicidio-em-serafina-correa-e-preso-em-caxias-do-sul\/","title":{"rendered":"Acusado de ser contratado para cometer homic\u00eddio em Serafina Correa \u00e9 preso em Caxias do Sul"},"content":{"rendered":"\n<h4 id=\"homem-de-40-anos-que-e-integrante-de-faccao-criminosa-foi-preso-no-bairro-presidente-vargas\" class=\"wp-block-heading\">Homem de 40 anos, que \u00e9 integrante de fac\u00e7\u00e3o criminosa, foi preso no bairro Presidente Vargas<\/h4>\n\n\n\n<p>Um homem de 40 anos acusado de ter sido contratado para cometer um homic\u00eddio em Serafina Correa, no m\u00eas de setembro, foi preso na manh\u00e3 desta segunda-feira (24), no bairro Presidente Vargas, em Caxias do Sul.<\/p>\n\n\n\n<p>De acordo com a Pol\u00edcia Civil, o preso seria integrante de uma fac\u00e7\u00e3o criminosa. Ele \u00e9 investigado pelo assassinato de um idoso e na participa\u00e7\u00e3o na tentativa de homic\u00eddio de um jovem de 22 anos.<\/p>\n\n\n\n<p>Durante a pris\u00e3o os agentes ainda apreenderam um rev\u00f3lver, drogas e dinheiro.<\/p>\n\n\n\n<p>Foto: Pol\u00edcia Civil<\/p>\n","protected":false},"excerpt":{"rendered":"<p>Homem de 40 anos, que \u00e9 integrante de fac\u00e7\u00e3o criminosa, foi preso no bairro Presidente Vargas Um homem de 40 anos acusado de ter sido contratado para cometer um homic\u00eddio&hellip;<\/p>\n","protected":false},"author":19,"featured_media":91611,"comment_status":"closed","ping_status":"closed","sticky":false,"template":"","format":"standard","meta":{"_lmt_disableupdate":"","_lmt_disable":"","footnotes":""},"categories":[14234],"tags":[148,8255,1865,629,303,12394,283],"powerkit_post_featured":[],"class_list":{"0":"post-91608","1":"post","2":"type-post","3":"status-publish","4":"format-standard","5":"has-post-thumbnail","7":"category-seguranca","8":"tag-caxias-do-sul","9":"tag-faccao-criminosa","10":"tag-homicidio-2","11":"tag-policia-civil","12":"tag-prisao","13":"tag-serafina-correa-2","14":"tag-serra-gaucha"},"modified_by":"Luciano Pettorini","_links":{"self":[{"href":"https:\/\/radiosolaris.com.br\/beta\/wp-json\/wp\/v2\/posts\/91608","targetHints":{"allow":["GET"]}}],"collection":[{"href":"https:\/\/radiosolaris.com.br\/beta\/wp-json\/wp\/v2\/posts"}],"about":[{"href":"https:\/\/radiosolaris.com.br\/beta\/wp-json\/wp\/v2\/types\/post"}],"author":[{"embeddable":true,"href":"https:\/\/radiosolaris.com.br\/beta\/wp-json\/wp\/v2\/users\/19"}],"replies":[{"embeddable":true,"href":"https:\/\/radiosolaris.com.br\/beta\/wp-json\/wp\/v2\/comments?post=91608"}],"version-history":[{"count":0,"href":"https:\/\/radiosolaris.com.br\/beta\/wp-json\/wp\/v2\/posts\/91608\/revisions"}],"wp:featuredmedia":[{"embeddable":true,"href":"https:\/\/radiosolaris.com.br\/beta\/wp-json\/wp\/v2\/media\/91611"}],"wp:attachment":[{"href":"https:\/\/radiosolaris.com.br\/beta\/wp-json\/wp\/v2\/media?parent=91608"}],"wp:term":[{"taxonomy":"category","embeddable":true,"href":"https:\/\/radiosolaris.com.br\/beta\/wp-json\/wp\/v2\/categories?post=91608"},{"taxonomy":"post_tag","embeddable":true,"href":"https:\/\/radiosolaris.com.br\/beta\/wp-json\/wp\/v2\/tags?post=91608"},{"taxonomy":"powerkit_post_featured","embeddable":true,"href":"https:\/\/radiosolaris.com.br\/beta\/wp-json\/wp\/v2\/powerkit_post_featured?post=91608"}],"curies":[{"name":"wp","href":"https:\/\/api.w.org\/{rel}","templated":true}]}}