{"id":91607,"date":"2022-10-25T15:15:21","date_gmt":"2022-10-25T18:15:21","guid":{"rendered":"https:\/\/radiosolaris.com.br\/beta\/?p=91607"},"modified":"2022-10-25T15:15:24","modified_gmt":"2022-10-25T18:15:24","slug":"feira-das-etnias-ocorre-neste-sabado-em-caxias-do-sul","status":"publish","type":"post","link":"https:\/\/radiosolaris.com.br\/beta\/feira-das-etnias-ocorre-neste-sabado-em-caxias-do-sul\/","title":{"rendered":"Feira das Etnias ocorre neste s\u00e1bado em Caxias do Sul"},"content":{"rendered":"\n<h4 id=\"a-programacao-conta-com-produtos-etnicos-artesanais-e-apresentacoes-do-grupo-girotondo-coral-sao-braz-grupo-de-danca-alles-gut-e-o-coro-vozes-da-montanha\" class=\"wp-block-heading\">A programa\u00e7\u00e3o conta com produtos \u00e9tnicos artesanais e apresenta\u00e7\u00f5es do Grupo Girotondo, Coral S\u00e3o Braz, Grupo de dan\u00e7a Alles Gut e o Coro Vozes da Montanha<\/h4>\n\n\n\n<p>Para celebrar a diversidade \u00e9tnica e cultural de Caxias do Sul, neste s\u00e1bado (29), ocorre a Feira das Etnias, no largo do Centro de Cultura Ordov\u00e1s. Com uma programa\u00e7\u00e3o diversificada, a Feira conta com bancas de produtos e alimenta\u00e7\u00e3o \u00e9tnica artesanal, e apresenta\u00e7\u00f5es art\u00edsticas.<\/p>\n\n\n\n<p>A program\u00e7\u00e3o inicia \u00e0s 14 e segue at\u00e9 as 18h, com apresenta\u00e7\u00f5es do Grupo Girotondo, Coral S\u00e3o Braz, Grupo de dan\u00e7a Alles Gut e o Coro Vozes da Montanha.<\/p>\n\n\n\n<p>A atividade \u00e9 uma realiza\u00e7\u00e3o da Unidade de Arte e Cultura Popular, da Secretaria Municipal da Cultura (SMC), juntamente com a Casa das Etnias<\/p>\n\n\n\n<p>A Feira integra a Semana Municipal das Etnias realizada pelo Ponto de Cultura Casa das Etnias, que tem como prop\u00f3sito valorizar as matrizes culturais \u00e9tnicas e suas diversidades cultivando a cultura, o artesanato e a alimenta\u00e7\u00e3o.<\/p>\n\n\n\n<p><strong>Servi\u00e7o:<\/strong><br><strong><br><\/strong>:: Feira das Etnias<br>:: Data: 29 de outubro<br>:: Hor\u00e1rio: 14h \u00e0s 18h<br>:: Local: Largo do Centro de Cultura Ordov\u00e1s, (Rua Luiz Antunes, 312, bairro Panazzolo).<\/p>\n\n\n\n<p><\/p>\n\n\n\n<figure class=\"wp-block-image size-large\"><img  loading=\"lazy\"  decoding=\"async\"  width=\"1160\"  height=\"877\"  src=\"data:image\/png;base64,iVBORw0KGgoAAAANSUhEUgAAAAEAAAABAQMAAAAl21bKAAAAA1BMVEUAAP+KeNJXAAAAAXRSTlMAQObYZgAAAAlwSFlzAAAOxAAADsQBlSsOGwAAAApJREFUCNdjYAAAAAIAAeIhvDMAAAAASUVORK5CYII=\"  alt=\"\"  class=\"wp-image-91616 pk-lazyload\"  data-pk-sizes=\"auto\"  data-ls-sizes=\"auto, (max-width: 1160px) 100vw, 1160px\"  data-pk-src=\"https:\/\/radiosolaris.com.br\/beta\/wp-content\/uploads\/2022\/10\/Joao-Andreis-1160x877.jpeg\"  data-pk-srcset=\"https:\/\/radiosolaris.com.br\/beta\/wp-content\/uploads\/2022\/10\/Joao-Andreis-1160x877.jpeg 1160w, https:\/\/radiosolaris.com.br\/beta\/wp-content\/uploads\/2022\/10\/Joao-Andreis-800x605.jpeg 800w, https:\/\/radiosolaris.com.br\/beta\/wp-content\/uploads\/2022\/10\/Joao-Andreis.jpeg 1519w\" ><figcaption>Foto: jo\u00e3o andreis \/ divulga\u00e7\u00e3o<\/figcaption><\/figure>\n\n\n\n<p><br><\/p>\n","protected":false},"excerpt":{"rendered":"<p>A programa\u00e7\u00e3o conta com produtos \u00e9tnicos artesanais e apresenta\u00e7\u00f5es do Grupo Girotondo, Coral S\u00e3o Braz, Grupo de dan\u00e7a Alles Gut e o Coro Vozes da Montanha Para celebrar a diversidade&hellip;<\/p>\n","protected":false},"author":17,"featured_media":85797,"comment_status":"closed","ping_status":"closed","sticky":false,"template":"","format":"standard","meta":{"_lmt_disableupdate":"","_lmt_disable":"","footnotes":""},"categories":[14258],"tags":[148,13210,14715,1956,14713,14714,8891,5578,3733,283],"powerkit_post_featured":[],"class_list":{"0":"post-91607","1":"post","2":"type-post","3":"status-publish","4":"format-standard","5":"has-post-thumbnail","7":"category-cultura","8":"tag-caxias-do-sul","9":"tag-coral-sao-braz","10":"tag-coro-vozes-da-montanha","11":"tag-cultura","12":"tag-feira-das-etnias","13":"tag-grupo-de-dancas-alles-gut","14":"tag-ordovas","15":"tag-prefeitura-de-caxias-do-sul","16":"tag-secretaria-da-cultura","17":"tag-serra-gaucha"},"modified_by":"Bruna Picinini","_links":{"self":[{"href":"https:\/\/radiosolaris.com.br\/beta\/wp-json\/wp\/v2\/posts\/91607","targetHints":{"allow":["GET"]}}],"collection":[{"href":"https:\/\/radiosolaris.com.br\/beta\/wp-json\/wp\/v2\/posts"}],"about":[{"href":"https:\/\/radiosolaris.com.br\/beta\/wp-json\/wp\/v2\/types\/post"}],"author":[{"embeddable":true,"href":"https:\/\/radiosolaris.com.br\/beta\/wp-json\/wp\/v2\/users\/17"}],"replies":[{"embeddable":true,"href":"https:\/\/radiosolaris.com.br\/beta\/wp-json\/wp\/v2\/comments?post=91607"}],"version-history":[{"count":0,"href":"https:\/\/radiosolaris.com.br\/beta\/wp-json\/wp\/v2\/posts\/91607\/revisions"}],"wp:featuredmedia":[{"embeddable":true,"href":"https:\/\/radiosolaris.com.br\/beta\/wp-json\/wp\/v2\/media\/85797"}],"wp:attachment":[{"href":"https:\/\/radiosolaris.com.br\/beta\/wp-json\/wp\/v2\/media?parent=91607"}],"wp:term":[{"taxonomy":"category","embeddable":true,"href":"https:\/\/radiosolaris.com.br\/beta\/wp-json\/wp\/v2\/categories?post=91607"},{"taxonomy":"post_tag","embeddable":true,"href":"https:\/\/radiosolaris.com.br\/beta\/wp-json\/wp\/v2\/tags?post=91607"},{"taxonomy":"powerkit_post_featured","embeddable":true,"href":"https:\/\/radiosolaris.com.br\/beta\/wp-json\/wp\/v2\/powerkit_post_featured?post=91607"}],"curies":[{"name":"wp","href":"https:\/\/api.w.org\/{rel}","templated":true}]}}