{"id":91605,"date":"2022-10-25T15:01:55","date_gmt":"2022-10-25T18:01:55","guid":{"rendered":"https:\/\/radiosolaris.com.br\/beta\/?p=91605"},"modified":"2022-10-25T15:01:58","modified_gmt":"2022-10-25T18:01:58","slug":"numero-de-novos-casos-de-dengue-aumenta-no-brasil","status":"publish","type":"post","link":"https:\/\/radiosolaris.com.br\/beta\/numero-de-novos-casos-de-dengue-aumenta-no-brasil\/","title":{"rendered":"N\u00famero de novos casos de dengue aumenta no Brasil"},"content":{"rendered":"\n<h4 id=\"doenca-pode-levar-a-obito-mas-pode-ser-prevenida-com-medidas-simples-especialista-diz-que-e-preciso-atualizar-as-acoes-de-controle-e-combate-ao-mosquito-aedes-aegypti\" class=\"wp-block-heading\">Doen\u00e7a pode levar a \u00f3bito, mas pode ser prevenida com medidas simples; especialista diz que \u00e9 preciso atualizar as a\u00e7\u00f5es de controle e combate ao mosquito Aedes Aegypti <\/h4>\n\n\n\n<p>Levantamento divulgado pelo Minist\u00e9rio da Sa\u00fade aponta que o n\u00famero de casos de dengue no Brasil subiu quase 185% entre janeiro e outubro deste ano na compara\u00e7\u00e3o com o mesmo intervalo de tempo do ano passado, alcan\u00e7ando a marca de 1,3 milh\u00f5es de notifica\u00e7\u00f5es. Neste per\u00edodo, foram registrados 909 \u00f3bitos, n\u00famero bastante expressivo. A doen\u00e7a, que pode levar a \u00f3bito, \u00e9 transmitida pelo Aedes aegypti, que tamb\u00e9m \u00e9 vetor da chikungunya, zika e febre amarela urbana.<\/p>\n\n\n\n<p>Segundo a Organiza\u00e7\u00e3o Mundial da Sa\u00fade (OMS), para prevenir essas doen\u00e7as, \u00e9 preciso investir em medidas efetivas para controle do mosquito transmissor. A principal orienta\u00e7\u00e3o \u00e9 eliminar \u00e1gua parada em locais que podem se tornar criadouros. Al\u00e9m disso, o poder p\u00fablico conta com o Programa Nacional de Combate \u00e0 Dengue (PNCD), que t\u00eam oferecido diretrizes para o enfrentamento das epidemias pelos estados e munic\u00edpios, por meio de a\u00e7\u00f5es como a pulveriza\u00e7\u00e3o de \u00e1reas p\u00fablicas com inseticidas, vigil\u00e2ncia entomol\u00f3gica, amplia\u00e7\u00e3o do saneamento b\u00e1sico, entre outros.<\/p>\n\n\n\n<p>Para a cientista, doutora em Gen\u00e9tica e Biologia Molecular e diretora da Oxitec do Brasil, Natalia Verza Ferreira todas essas medidas s\u00e3o importantes, mas n\u00e3o s\u00e3o mais t\u00e3o eficazes, visto que o n\u00famero de casos tem aumentado ao inv\u00e9s de diminuir. Segundo ela, \u00e9 preciso atualizar os protocolos de controle do Aedes aegypti, incorporando solu\u00e7\u00f5es sustent\u00e1veis que j\u00e1 foram, inclusive, aprovadas para uso no Brasil, como o Aedes do Bem\u2122 &#8212; inseto com genes auto limitantes que auxilia no controle do mosquito\u00a0<em>Aedes Aegypti<\/em>\u00a0de forma segura e ambientalmente sustent\u00e1vel &#8212; especialmente porque o pa\u00eds est\u00e1 prestes a ingressar em uma nova temporada de chuvas, per\u00edodo em que o mosquito se prolifera com mais facilidade.<\/p>\n\n\n\n<p><strong>N\u00famero de novos casos de dengue explode no Brasil e cen\u00e1rio \u00e9 alarmante<\/strong>\u00a0<\/p>\n","protected":false},"excerpt":{"rendered":"<p>Doen\u00e7a pode levar a \u00f3bito, mas pode ser prevenida com medidas simples; especialista diz que \u00e9 preciso atualizar as a\u00e7\u00f5es de controle e combate ao mosquito Aedes Aegypti Levantamento divulgado&hellip;<\/p>\n","protected":false},"author":21,"featured_media":91609,"comment_status":"closed","ping_status":"closed","sticky":false,"template":"","format":"standard","meta":{"_lmt_disableupdate":"","_lmt_disable":"","footnotes":""},"categories":[84],"tags":[4042,186,699],"powerkit_post_featured":[],"class_list":{"0":"post-91605","1":"post","2":"type-post","3":"status-publish","4":"format-standard","5":"has-post-thumbnail","7":"category-brasil","8":"tag-aumento-de-casos","9":"tag-brasil","10":"tag-dengue"},"modified_by":"Ta\u00eds Vargas","_links":{"self":[{"href":"https:\/\/radiosolaris.com.br\/beta\/wp-json\/wp\/v2\/posts\/91605","targetHints":{"allow":["GET"]}}],"collection":[{"href":"https:\/\/radiosolaris.com.br\/beta\/wp-json\/wp\/v2\/posts"}],"about":[{"href":"https:\/\/radiosolaris.com.br\/beta\/wp-json\/wp\/v2\/types\/post"}],"author":[{"embeddable":true,"href":"https:\/\/radiosolaris.com.br\/beta\/wp-json\/wp\/v2\/users\/21"}],"replies":[{"embeddable":true,"href":"https:\/\/radiosolaris.com.br\/beta\/wp-json\/wp\/v2\/comments?post=91605"}],"version-history":[{"count":0,"href":"https:\/\/radiosolaris.com.br\/beta\/wp-json\/wp\/v2\/posts\/91605\/revisions"}],"wp:featuredmedia":[{"embeddable":true,"href":"https:\/\/radiosolaris.com.br\/beta\/wp-json\/wp\/v2\/media\/91609"}],"wp:attachment":[{"href":"https:\/\/radiosolaris.com.br\/beta\/wp-json\/wp\/v2\/media?parent=91605"}],"wp:term":[{"taxonomy":"category","embeddable":true,"href":"https:\/\/radiosolaris.com.br\/beta\/wp-json\/wp\/v2\/categories?post=91605"},{"taxonomy":"post_tag","embeddable":true,"href":"https:\/\/radiosolaris.com.br\/beta\/wp-json\/wp\/v2\/tags?post=91605"},{"taxonomy":"powerkit_post_featured","embeddable":true,"href":"https:\/\/radiosolaris.com.br\/beta\/wp-json\/wp\/v2\/powerkit_post_featured?post=91605"}],"curies":[{"name":"wp","href":"https:\/\/api.w.org\/{rel}","templated":true}]}}