{"id":91543,"date":"2022-10-25T09:39:16","date_gmt":"2022-10-25T12:39:16","guid":{"rendered":"https:\/\/radiosolaris.com.br\/beta\/?p=91543"},"modified":"2022-10-26T15:00:03","modified_gmt":"2022-10-26T18:00:03","slug":"homem-e-preso-por-embriaguez-ao-volante-e-dano-e-mulher-por-desacato-em-antonio-prado","status":"publish","type":"post","link":"https:\/\/radiosolaris.com.br\/beta\/homem-e-preso-por-embriaguez-ao-volante-e-dano-e-mulher-por-desacato-em-antonio-prado\/","title":{"rendered":"Homem \u00e9 preso por embriaguez ao volante e dano e mulher por desacato em Ant\u00f4nio Prado"},"content":{"rendered":"\n<h4 id=\"ambos-foram-encaminhados-a-delegacia-de-caxias-do-sul\" class=\"wp-block-heading\">Ambos foram encaminhados a Delegacia de Caxias do Sul<\/h4>\n\n\n\n<p>Neste domingo (23), \u00e0s 18h, a Brigada Militar de Ant\u00f4nio Prado atendeu uma ocorr\u00eancia envolvendo embriaguez ao volante, desacato e dano.<br><br>A Brigada foi informada via 190, que tr\u00eas clientes estavam causando transtornos e inc\u00f4modo em um estabelecimento comercial da cidade. Ao chegar ao local a guarni\u00e7\u00e3o ouviu o propriet\u00e1rio que relatou que um dos indiv\u00edduos mesmo tendo pago o que consumiu reclamava de que o valor cobrado n\u00e3o estava correto por\u00e9m ele n\u00e3o se encontrava mais no local.<\/p>\n\n\n\n<p>No instante em que a guarni\u00e7\u00e3o deixava o local, visualizou um carro que foi apontado pelas pessoas que estavam no bar como sendo o ve\u00edculo que o homem de 46 anos, que causou o desentendimento, estaria conduzindo. Fato esse que motivou a abordagem policial e a constata\u00e7\u00e3o do estado de embriaguez do indiv\u00edduo, que por estar ao volante recebeu voz de pris\u00e3o.<\/p>\n\n\n\n<p>Na tentativa de interpelar em favor do indiv\u00edduo, uma mulher de 46 anos, ao ter negativa como resposta policial, se dirigiu mais uma vez a guarni\u00e7\u00e3o xingando os policiais e neste momento tamb\u00e9m lhe foi dada voz de pris\u00e3o. O ve\u00edculo foi recolhido ao guincho Mecamendi, por estar com dois pneus em mau estado de conserva\u00e7\u00e3o.<\/p>\n\n\n\n<p>Os autores, foram levados ao Hospital S\u00e3o Jos\u00e9, para laudo m\u00e9dico e posteriormente encaminhados a 2\u00aa CIA, para que o preso fizesse o teste do baf\u00f4metro que ele se negou a fazer. Durante a condu\u00e7\u00e3o dos detidos, o preso chutou e provocou dano no compartimento de transporte de presos na viatura policial. Ambos foram encaminhados a DPPA de Caxias e apresentados a autoridade policial sem les\u00f5es.<\/p>\n\n\n\n<p>Foi necess\u00e1rio o uso de algemas, pois os dois autores estavam exaltados e apresentavam risco a seguran\u00e7a deles e da guarni\u00e7\u00e3o.<\/p>\n","protected":false},"excerpt":{"rendered":"<p>Ambos foram encaminhados a Delegacia de Caxias do Sul Neste domingo (23), \u00e0s 18h, a Brigada Militar de Ant\u00f4nio Prado atendeu uma ocorr\u00eancia envolvendo embriaguez ao volante, desacato e dano.&hellip;<\/p>\n","protected":false},"author":21,"featured_media":0,"comment_status":"closed","ping_status":"closed","sticky":false,"template":"","format":"standard","meta":{"_lmt_disableupdate":"","_lmt_disable":"","footnotes":""},"categories":[14234],"tags":[143,247,158,3347,1409],"powerkit_post_featured":[],"class_list":{"0":"post-91543","1":"post","2":"type-post","3":"status-publish","4":"format-standard","6":"category-seguranca","7":"tag-antonio-prado","8":"tag-brigada-militar","9":"tag-crime","10":"tag-dano","11":"tag-desacato"},"modified_by":"Filipe Brogliatto","_links":{"self":[{"href":"https:\/\/radiosolaris.com.br\/beta\/wp-json\/wp\/v2\/posts\/91543","targetHints":{"allow":["GET"]}}],"collection":[{"href":"https:\/\/radiosolaris.com.br\/beta\/wp-json\/wp\/v2\/posts"}],"about":[{"href":"https:\/\/radiosolaris.com.br\/beta\/wp-json\/wp\/v2\/types\/post"}],"author":[{"embeddable":true,"href":"https:\/\/radiosolaris.com.br\/beta\/wp-json\/wp\/v2\/users\/21"}],"replies":[{"embeddable":true,"href":"https:\/\/radiosolaris.com.br\/beta\/wp-json\/wp\/v2\/comments?post=91543"}],"version-history":[{"count":0,"href":"https:\/\/radiosolaris.com.br\/beta\/wp-json\/wp\/v2\/posts\/91543\/revisions"}],"wp:attachment":[{"href":"https:\/\/radiosolaris.com.br\/beta\/wp-json\/wp\/v2\/media?parent=91543"}],"wp:term":[{"taxonomy":"category","embeddable":true,"href":"https:\/\/radiosolaris.com.br\/beta\/wp-json\/wp\/v2\/categories?post=91543"},{"taxonomy":"post_tag","embeddable":true,"href":"https:\/\/radiosolaris.com.br\/beta\/wp-json\/wp\/v2\/tags?post=91543"},{"taxonomy":"powerkit_post_featured","embeddable":true,"href":"https:\/\/radiosolaris.com.br\/beta\/wp-json\/wp\/v2\/powerkit_post_featured?post=91543"}],"curies":[{"name":"wp","href":"https:\/\/api.w.org\/{rel}","templated":true}]}}