{"id":91527,"date":"2022-10-25T08:58:36","date_gmt":"2022-10-25T11:58:36","guid":{"rendered":"https:\/\/radiosolaris.com.br\/beta\/?p=91527"},"modified":"2022-10-25T08:58:38","modified_gmt":"2022-10-25T11:58:38","slug":"integrante-de-grupo-que-assaltou-residencia-em-farroupilha-e-preso","status":"publish","type":"post","link":"https:\/\/radiosolaris.com.br\/beta\/integrante-de-grupo-que-assaltou-residencia-em-farroupilha-e-preso\/","title":{"rendered":"Integrante de grupo que assaltou resid\u00eancia em Farroupilha \u00e9 preso"},"content":{"rendered":"\n<h4 id=\"na-casa-do-homem-que-reside-em-garibaldi-foram-encontrados-o-veiculo-e-alguns-objetos-roubados\" class=\"wp-block-heading\">Na casa do homem, que reside em Garibaldi, foram encontrados o ve\u00edculo e alguns objetos roubados<\/h4>\n\n\n\n<p>Acusado de fazer parte de um grupo que assaltou resid\u00eancias no interior de Farroupilha \u00e9 preso pela Pol\u00edcia Civil. O indiv\u00edduo de 34 anos, foi preso na Pra\u00e7a da Esta\u00e7\u00e3o F\u00e9rrea de Garibaldi.<\/p>\n\n\n\n<p>De acordo com a Pol\u00edcia Civil, o roubo aconteceu no \u00faltimo dia 14, na Linha Paese, interior de Farroupilha. Na ocasi\u00e3o, os criminosos teriam amorda\u00e7ado as v\u00edtimas e as amea\u00e7ado com armas de fogo, inclusive amea\u00e7ando matar uma crian\u00e7a que estava no local. As v\u00edtimas ainda foram trancadas no banheiro. Os criminosos levaram um ve\u00edculo e diversos objetos.<\/p>\n\n\n\n<p>Na casa do suspeito preso, os policiais encontram alguns objetos e o ve\u00edculo roubado.<\/p>\n\n\n\n<p><\/p>\n\n\n\n<figure class=\"wp-block-image size-large\"><img  loading=\"lazy\"  decoding=\"async\"  width=\"1160\"  height=\"870\"  src=\"data:image\/png;base64,iVBORw0KGgoAAAANSUhEUgAABIgAAANmAQMAAACrCyL8AAAAA1BMVEUAAP+KeNJXAAAAAXRSTlMAQObYZgAAAAlwSFlzAAAOxAAADsQBlSsOGwAAAJJJREFUeNrtwTEBAAAAwqD1T20JT6AAAAAAAAAAAAAAAAAAAAAAAAAAAAAAAAAAAAAAAAAAAAAAAAAAAAAAAAAAAAAAAAAAAAAAAAAAAAAAAAAAAAAAAAAAAAAAAAAAAAAAAAAAAAAAAAAAAAAAAAAAAAAAAAAAAAAAAAAAAAAAAAAAAAAAAAAAAAAAAAAAAAD+BvA7AAGTZkFsAAAAAElFTkSuQmCC\"  alt=\"\"  class=\"wp-image-84844 pk-lazyload\"  data-pk-sizes=\"auto\"  data-ls-sizes=\"auto, (max-width: 1160px) 100vw, 1160px\"  data-pk-src=\"https:\/\/radiosolaris.com.br\/beta\/wp-content\/uploads\/2022\/07\/Policia-Civil-novas-8-scaled-1160x870.jpeg\"  data-pk-srcset=\"https:\/\/radiosolaris.com.br\/beta\/wp-content\/uploads\/2022\/07\/Policia-Civil-novas-8-scaled-1160x870.jpeg 1160w, https:\/\/radiosolaris.com.br\/beta\/wp-content\/uploads\/2022\/07\/Policia-Civil-novas-8-scaled-800x600.jpeg 800w, https:\/\/radiosolaris.com.br\/beta\/wp-content\/uploads\/2022\/07\/Policia-Civil-novas-8.jpeg 1280w\" ><\/figure>\n\n\n\n<p><\/p>\n","protected":false},"excerpt":{"rendered":"<p>Na casa do homem, que reside em Garibaldi, foram encontrados o ve\u00edculo e alguns objetos roubados Acusado de fazer parte de um grupo que assaltou resid\u00eancias no interior de Farroupilha&hellip;<\/p>\n","protected":false},"author":19,"featured_media":0,"comment_status":"closed","ping_status":"closed","sticky":false,"template":"","format":"standard","meta":{"_lmt_disableupdate":"","_lmt_disable":"","footnotes":""},"categories":[14234],"tags":[424,456,303,14697,446,283],"powerkit_post_featured":[],"class_list":{"0":"post-91527","1":"post","2":"type-post","3":"status-publish","4":"format-standard","6":"category-seguranca","7":"tag-farroupilha","8":"tag-garibaldi","9":"tag-prisao","10":"tag-prolicia-civil","11":"tag-roubo","12":"tag-serra-gaucha"},"modified_by":"Luciano Pettorini","_links":{"self":[{"href":"https:\/\/radiosolaris.com.br\/beta\/wp-json\/wp\/v2\/posts\/91527","targetHints":{"allow":["GET"]}}],"collection":[{"href":"https:\/\/radiosolaris.com.br\/beta\/wp-json\/wp\/v2\/posts"}],"about":[{"href":"https:\/\/radiosolaris.com.br\/beta\/wp-json\/wp\/v2\/types\/post"}],"author":[{"embeddable":true,"href":"https:\/\/radiosolaris.com.br\/beta\/wp-json\/wp\/v2\/users\/19"}],"replies":[{"embeddable":true,"href":"https:\/\/radiosolaris.com.br\/beta\/wp-json\/wp\/v2\/comments?post=91527"}],"version-history":[{"count":0,"href":"https:\/\/radiosolaris.com.br\/beta\/wp-json\/wp\/v2\/posts\/91527\/revisions"}],"wp:attachment":[{"href":"https:\/\/radiosolaris.com.br\/beta\/wp-json\/wp\/v2\/media?parent=91527"}],"wp:term":[{"taxonomy":"category","embeddable":true,"href":"https:\/\/radiosolaris.com.br\/beta\/wp-json\/wp\/v2\/categories?post=91527"},{"taxonomy":"post_tag","embeddable":true,"href":"https:\/\/radiosolaris.com.br\/beta\/wp-json\/wp\/v2\/tags?post=91527"},{"taxonomy":"powerkit_post_featured","embeddable":true,"href":"https:\/\/radiosolaris.com.br\/beta\/wp-json\/wp\/v2\/powerkit_post_featured?post=91527"}],"curies":[{"name":"wp","href":"https:\/\/api.w.org\/{rel}","templated":true}]}}