{"id":91499,"date":"2022-10-24T18:33:40","date_gmt":"2022-10-24T21:33:40","guid":{"rendered":"https:\/\/radiosolaris.com.br\/beta\/?p=91499"},"modified":"2022-10-24T18:33:43","modified_gmt":"2022-10-24T21:33:43","slug":"campanha-de-vacinacao-contra-a-polio-encerra-atingindo-apenas-65-do-publico-alvo-em-caxias-do-sul","status":"publish","type":"post","link":"https:\/\/radiosolaris.com.br\/beta\/campanha-de-vacinacao-contra-a-polio-encerra-atingindo-apenas-65-do-publico-alvo-em-caxias-do-sul\/","title":{"rendered":"Campanha de vacina\u00e7\u00e3o contra a p\u00f3lio encerra atingindo apenas 65% do p\u00fablico alvo em Caxias do Sul"},"content":{"rendered":"\n<h4 id=\"mais-126-criancas-foram-imunizadas-na-praca-dante-no-ultimo-sabado-22-vacina-segue-disponivel-nas-ubss\" class=\"wp-block-heading\">Mais 126 crian\u00e7as foram imunizadas na Pra\u00e7a Dante no \u00faltimo s\u00e1bado (22); vacina segue dispon\u00edvel nas UBSs<\/h4>\n\n\n\n<p>Mais 126 crian\u00e7as foram imunizadas contra a poliomelite em Caxias do Sul no \u00faltimo s\u00e1bado (22). Com a campanha nacional j\u00e1 encerrada, o munic\u00edpio atingiu somente 65,93% do p\u00fablico alvo, muito abaixo de outras cidades da Serra, a exemplo de Flores da Cunha que atingiu 100%.<\/p>\n\n\n\n<p>Apesar da Campanha Nacional de Imuniza\u00e7\u00e3o ter chegado ao fim no \u00faltimo final de semana, a vacina segue dispon\u00edvel em todas as Unidades B\u00e1sicas de Sa\u00fade (UBSs), pois integra o calend\u00e1rio nacional de vacina\u00e7\u00e3o. Em beb\u00eas, ela \u00e9 administrada na forma injet\u00e1vel aos dois, quatro e aos seis meses de idade. Al\u00e9m disso, \u00e9 aplicada via oral (gotinha) aos 15 meses e tamb\u00e9m aos quatro anos de idade.<\/p>\n\n\n\n<p>Durante a campanha, Caxias do Sul ofertou a gotinha contra a p\u00f3lio em outros tr\u00eas s\u00e1bados (20\/08, 24\/09 e 08\/10), abrindo pontos de vacina\u00e7\u00e3o em UBSs, pra\u00e7a, supermercados e shopping. Al\u00e9m disso, as Unidades B\u00e1sicas de Sa\u00fade fizeram a aplica\u00e7\u00e3o em diversas escolas. Em outras, as equipes conferiram as cadernetas de vacina\u00e7\u00e3o e alertaram os pais cujos filhos estavam com doses em atraso. Tamb\u00e9m foi montado um ponto de vacina\u00e7\u00e3o de segunda a sexta-feira durante toda a Feira do Livro.<\/p>\n\n\n\n<p>A a\u00e7\u00e3o do \u00faltimo s\u00e1bado (22) teve apoio da Cruz Vermelha. As doses foram aplicadas por equipe da Secretaria Municipal da Sa\u00fade. <\/p>\n\n\n\n<p><\/p>\n\n\n\n<figure class=\"wp-block-image size-large\"><img  loading=\"lazy\"  decoding=\"async\"  width=\"1160\"  height=\"2589\"  src=\"data:image\/png;base64,iVBORw0KGgoAAAANSUhEUgAAAAEAAAABAQMAAAAl21bKAAAAA1BMVEUAAP+KeNJXAAAAAXRSTlMAQObYZgAAAAlwSFlzAAAOxAAADsQBlSsOGwAAAApJREFUCNdjYAAAAAIAAeIhvDMAAAAASUVORK5CYII=\"  alt=\"\"  class=\"wp-image-91500 pk-lazyload\"  data-pk-sizes=\"auto\"  data-ls-sizes=\"auto, (max-width: 1160px) 100vw, 1160px\"  data-pk-src=\"https:\/\/radiosolaris.com.br\/beta\/wp-content\/uploads\/2022\/10\/Vacina3-1160x2589.jpg\"  data-pk-srcset=\"https:\/\/radiosolaris.com.br\/beta\/wp-content\/uploads\/2022\/10\/Vacina3-1160x2589.jpg 1160w, https:\/\/radiosolaris.com.br\/beta\/wp-content\/uploads\/2022\/10\/Vacina3-800x1786.jpg 800w, https:\/\/radiosolaris.com.br\/beta\/wp-content\/uploads\/2022\/10\/Vacina3.jpg 1792w\" ><figcaption>Fotos: Rosiane Wagner dos Reis<\/figcaption><\/figure>\n","protected":false},"excerpt":{"rendered":"<p>Mais 126 crian\u00e7as foram imunizadas na Pra\u00e7a Dante no \u00faltimo s\u00e1bado (22); vacina segue dispon\u00edvel nas UBSs Mais 126 crian\u00e7as foram imunizadas contra a poliomelite em Caxias do Sul no&hellip;<\/p>\n","protected":false},"author":17,"featured_media":91501,"comment_status":"closed","ping_status":"closed","sticky":false,"template":"","format":"standard","meta":{"_lmt_disableupdate":"","_lmt_disable":"","footnotes":""},"categories":[1855],"tags":[148,4993,4978,1070,396],"powerkit_post_featured":[],"class_list":{"0":"post-91499","1":"post","2":"type-post","3":"status-publish","4":"format-standard","5":"has-post-thumbnail","7":"category-saude","8":"tag-caxias-do-sul","9":"tag-polio","10":"tag-poliomelite","11":"tag-ubs","12":"tag-vacina"},"modified_by":"Bruna Picinini","_links":{"self":[{"href":"https:\/\/radiosolaris.com.br\/beta\/wp-json\/wp\/v2\/posts\/91499","targetHints":{"allow":["GET"]}}],"collection":[{"href":"https:\/\/radiosolaris.com.br\/beta\/wp-json\/wp\/v2\/posts"}],"about":[{"href":"https:\/\/radiosolaris.com.br\/beta\/wp-json\/wp\/v2\/types\/post"}],"author":[{"embeddable":true,"href":"https:\/\/radiosolaris.com.br\/beta\/wp-json\/wp\/v2\/users\/17"}],"replies":[{"embeddable":true,"href":"https:\/\/radiosolaris.com.br\/beta\/wp-json\/wp\/v2\/comments?post=91499"}],"version-history":[{"count":0,"href":"https:\/\/radiosolaris.com.br\/beta\/wp-json\/wp\/v2\/posts\/91499\/revisions"}],"wp:featuredmedia":[{"embeddable":true,"href":"https:\/\/radiosolaris.com.br\/beta\/wp-json\/wp\/v2\/media\/91501"}],"wp:attachment":[{"href":"https:\/\/radiosolaris.com.br\/beta\/wp-json\/wp\/v2\/media?parent=91499"}],"wp:term":[{"taxonomy":"category","embeddable":true,"href":"https:\/\/radiosolaris.com.br\/beta\/wp-json\/wp\/v2\/categories?post=91499"},{"taxonomy":"post_tag","embeddable":true,"href":"https:\/\/radiosolaris.com.br\/beta\/wp-json\/wp\/v2\/tags?post=91499"},{"taxonomy":"powerkit_post_featured","embeddable":true,"href":"https:\/\/radiosolaris.com.br\/beta\/wp-json\/wp\/v2\/powerkit_post_featured?post=91499"}],"curies":[{"name":"wp","href":"https:\/\/api.w.org\/{rel}","templated":true}]}}