{"id":91415,"date":"2022-10-24T08:48:08","date_gmt":"2022-10-24T11:48:08","guid":{"rendered":"https:\/\/radiosolaris.com.br\/beta\/?p=91415"},"modified":"2022-10-24T08:48:11","modified_gmt":"2022-10-24T11:48:11","slug":"em-edicao-historica-mercopar-2022-bate-recorde-de-publico-e-de-negocios-em-caxias-do-sul","status":"publish","type":"post","link":"https:\/\/radiosolaris.com.br\/beta\/em-edicao-historica-mercopar-2022-bate-recorde-de-publico-e-de-negocios-em-caxias-do-sul\/","title":{"rendered":"Em edi\u00e7\u00e3o hist\u00f3rica, Mercopar 2022 bate recorde de p\u00fablico e de neg\u00f3cios em Caxias do Sul"},"content":{"rendered":"\n<h4 id=\"feira-contabilizou-r-430-milhoes-em-negocios-gerados-um-crescimento-de-77-em-relacao-ao-ano-anterior\" class=\"wp-block-heading\">Feira contabilizou R$ 430 milh\u00f5es em neg\u00f3cios gerados, um crescimento de 77% em rela\u00e7\u00e3o ao ano anterior<\/h4>\n\n\n\n<p>Depois de quatro dias de intensa programa\u00e7\u00e3o encerrada na \u00faltima sexta-feira (21), a 31\u00aa edi\u00e7\u00e3o da Mercopar fez hist\u00f3ria. Promovida pelo Sebrae RS e pela Fiergs, a maior feira de inova\u00e7\u00e3o industrial da Am\u00e9rica Latina recebeu um p\u00fablico de 35 mil visitantes, somados acessos presenciais e virtuais, e contabilizou mais de R$ 430 milh\u00f5es em neg\u00f3cios gerados \u2013 um crescimento de 77% em rela\u00e7\u00e3o ao ano anterior.<\/p>\n\n\n\n<p>A Mercopar deste ano reuniu 512 expositores dos segmentos metalmec\u00e2nico, tecnologia da informa\u00e7\u00e3o, energia e meio ambiente, borracha, automa\u00e7\u00e3o industrial, pl\u00e1stico, eletroeletr\u00f4nico, movimenta\u00e7\u00e3o e armazenagem, sendo 80 deles startups. Somadas \u00e0s ga\u00fachas, estiveram presentes empresas dos estados de Cear\u00e1, Esp\u00edrito Santo, Minas Gerais, Pernambuco, Paran\u00e1, Rio de Janeiro, Santa Catarina, S\u00e3o Paulo e do Distrito Federal.<\/p>\n\n\n\n<p>Em 2022, al\u00e9m de ter retomado os quatro dias de programa\u00e7\u00e3o, o evento expandiu de forma consider\u00e1vel ao ampliar em 60% a \u00e1rea ocupada, totalizando 32 mil metros quadrados de espa\u00e7o f\u00edsico. O evento atendeu ou superou as expectativas para 98% das empresas expositoras, que tamb\u00e9m expressaram a inten\u00e7\u00e3o de retornar \u00e0 Feira na pr\u00f3xima edi\u00e7\u00e3o.<\/p>\n\n\n\n<p>\u201c\u00c9 uma edi\u00e7\u00e3o que confirma a tend\u00eancia de um bom momento para a gera\u00e7\u00e3o de neg\u00f3cios. A Mercopar \u00e9 uma vitrine da for\u00e7a econ\u00f4mica da ind\u00fastria nacional, integrando agentes p\u00fablicos e privados, desde empresas mais tradicionais e consolidadas at\u00e9 startups em pleno desenvolvimento\u201d, destacou o presidente do Sistema FIERGS e do Conselho Deliberativo Estadual do Sebrae RS, Gilberto Porcello Petry.<\/p>\n\n\n\n<p>Segundo o diretor-superintendente do Sebrae RS, Andr\u00e9 Vanoni de Godoy, o sentimento ap\u00f3s o t\u00e9rmino do evento \u00e9 de que a Feira atingiu um novo patamar de relev\u00e2ncia e excel\u00eancia. \u201cS\u00e3o mais de tr\u00eas d\u00e9cadas de Mercopar, uma trajet\u00f3ria ascendente na qual a Feira soube se modernizar e evoluir, especialmente ao longo dos \u00faltimos quatro anos. Tanto em termos de organiza\u00e7\u00e3o quanto no que se refere \u00e0 qualidade dos expositores, e \u00e0s a\u00e7\u00f5es que s\u00e3o concentradas durante estes dias, a evolu\u00e7\u00e3o \u00e9 muito vis\u00edvel e os n\u00fameros refletem isso\u201d, aponta Godoy.<\/p>\n\n\n\n<p>Para o diretor t\u00e9cnico do Sebrae RS, Ayrton Ramos, o sucesso da Mercopar deste ano se deve \u00e0 capacidade que o evento teve de atender seus diferentes p\u00fablicos de forma din\u00e2mica e assertiva, por meio de uma programa\u00e7\u00e3o diversificada de a\u00e7\u00f5es e eventos. \u201cQuem buscou novas oportunidades de neg\u00f3cios foi plenamente atendido, inclusive, no per\u00edodo pr\u00e9-feira. Da mesma forma, aqueles que buscaram absorver conhecimento t\u00e9cnico e de valor para o seu neg\u00f3cio, tiveram mais de 200h de programa\u00e7\u00e3o dos mais diferentes temas\u201d, destacou.<\/p>\n\n\n\n<p>Em 2022, a Feira contou com o patroc\u00ednio ouro de Sicredi Pioneira, patroc\u00ednio master das Empresas Randon, patroc\u00ednios Banrisul, Instituto H\u00e9lice, Portos RS e SIMECS. Al\u00e9m dos apoios de ABIMAQ, BRDE, Marcopolo e Trashin. A pr\u00f3xima Mercopar acontecer\u00e1 de 17 a 20 de outubro de 2023.<\/p>\n\n\n\n<figure class=\"wp-block-gallery has-nested-images columns-1 is-cropped wp-block-gallery-1 is-layout-flex wp-block-gallery-is-layout-flex\">\n<figure class=\"wp-block-image size-large\"><a href=\"https:\/\/radiosolaris.com.br\/beta\/wp-content\/uploads\/2022\/10\/Em-edicao-historica-Mercopar-2022-bate-recorde-de-publico-e-de-negocios-em-Caxias-do-Sul-1.jpg\"><img  loading=\"lazy\"  decoding=\"async\"  width=\"1160\"  height=\"870\"  data-id=\"91418\"  src=\"data:image\/png;base64,iVBORw0KGgoAAAANSUhEUgAAAAEAAAABAQMAAAAl21bKAAAAA1BMVEUAAP+KeNJXAAAAAXRSTlMAQObYZgAAAAlwSFlzAAAOxAAADsQBlSsOGwAAAApJREFUCNdjYAAAAAIAAeIhvDMAAAAASUVORK5CYII=\"  alt=\"\"  class=\"wp-image-91418 pk-lazyload\"  data-pk-sizes=\"auto\"  data-ls-sizes=\"auto, (max-width: 1160px) 100vw, 1160px\"  data-pk-src=\"https:\/\/radiosolaris.com.br\/beta\/wp-content\/uploads\/2022\/10\/Em-edicao-historica-Mercopar-2022-bate-recorde-de-publico-e-de-negocios-em-Caxias-do-Sul-1-1160x870.jpg\"  data-pk-srcset=\"https:\/\/radiosolaris.com.br\/beta\/wp-content\/uploads\/2022\/10\/Em-edicao-historica-Mercopar-2022-bate-recorde-de-publico-e-de-negocios-em-Caxias-do-Sul-1-1160x870.jpg 1160w, https:\/\/radiosolaris.com.br\/beta\/wp-content\/uploads\/2022\/10\/Em-edicao-historica-Mercopar-2022-bate-recorde-de-publico-e-de-negocios-em-Caxias-do-Sul-1-320x240.jpg 320w, https:\/\/radiosolaris.com.br\/beta\/wp-content\/uploads\/2022\/10\/Em-edicao-historica-Mercopar-2022-bate-recorde-de-publico-e-de-negocios-em-Caxias-do-Sul-1-800x600.jpg 800w, https:\/\/radiosolaris.com.br\/beta\/wp-content\/uploads\/2022\/10\/Em-edicao-historica-Mercopar-2022-bate-recorde-de-publico-e-de-negocios-em-Caxias-do-Sul-1.jpg 1600w\" ><\/a><\/figure>\n\n\n\n<figure class=\"wp-block-image size-large\"><a href=\"https:\/\/radiosolaris.com.br\/beta\/wp-content\/uploads\/2022\/10\/Em-edicao-historica-Mercopar-2022-bate-recorde-de-publico-e-de-negocios-em-Caxias-do-Sul-2.jpg\"><img  decoding=\"async\"  data-id=\"91416\"  src=\"data:image\/png;base64,iVBORw0KGgoAAAANSUhEUgAAAAEAAAABAQMAAAAl21bKAAAAA1BMVEUAAP+KeNJXAAAAAXRSTlMAQObYZgAAAAlwSFlzAAAOxAAADsQBlSsOGwAAAApJREFUCNdjYAAAAAIAAeIhvDMAAAAASUVORK5CYII=\"  alt=\"\"  class=\"wp-image-91416 pk-lazyload\"  data-pk-sizes=\"auto\"  data-pk-src=\"https:\/\/radiosolaris.com.br\/beta\/wp-content\/uploads\/2022\/10\/Em-edicao-historica-Mercopar-2022-bate-recorde-de-publico-e-de-negocios-em-Caxias-do-Sul-2-1160x870.jpg\" ><\/a><\/figure>\n\n\n\n<figure class=\"wp-block-image size-large\"><a href=\"https:\/\/radiosolaris.com.br\/beta\/wp-content\/uploads\/2022\/10\/Em-edicao-historica-Mercopar-2022-bate-recorde-de-publico-e-de-negocios-em-Caxias-do-Sul-3.jpg\"><img  loading=\"lazy\"  decoding=\"async\"  width=\"1160\"  height=\"870\"  data-id=\"91417\"  src=\"data:image\/png;base64,iVBORw0KGgoAAAANSUhEUgAAAAEAAAABAQMAAAAl21bKAAAAA1BMVEUAAP+KeNJXAAAAAXRSTlMAQObYZgAAAAlwSFlzAAAOxAAADsQBlSsOGwAAAApJREFUCNdjYAAAAAIAAeIhvDMAAAAASUVORK5CYII=\"  alt=\"\"  class=\"wp-image-91417 pk-lazyload\"  data-pk-sizes=\"auto\"  data-ls-sizes=\"auto, (max-width: 1160px) 100vw, 1160px\"  data-pk-src=\"https:\/\/radiosolaris.com.br\/beta\/wp-content\/uploads\/2022\/10\/Em-edicao-historica-Mercopar-2022-bate-recorde-de-publico-e-de-negocios-em-Caxias-do-Sul-3-1160x870.jpg\"  data-pk-srcset=\"https:\/\/radiosolaris.com.br\/beta\/wp-content\/uploads\/2022\/10\/Em-edicao-historica-Mercopar-2022-bate-recorde-de-publico-e-de-negocios-em-Caxias-do-Sul-3-1160x870.jpg 1160w, https:\/\/radiosolaris.com.br\/beta\/wp-content\/uploads\/2022\/10\/Em-edicao-historica-Mercopar-2022-bate-recorde-de-publico-e-de-negocios-em-Caxias-do-Sul-3-320x240.jpg 320w, https:\/\/radiosolaris.com.br\/beta\/wp-content\/uploads\/2022\/10\/Em-edicao-historica-Mercopar-2022-bate-recorde-de-publico-e-de-negocios-em-Caxias-do-Sul-3-800x600.jpg 800w, https:\/\/radiosolaris.com.br\/beta\/wp-content\/uploads\/2022\/10\/Em-edicao-historica-Mercopar-2022-bate-recorde-de-publico-e-de-negocios-em-Caxias-do-Sul-3.jpg 1280w\" ><\/a><\/figure>\n<figcaption class=\"blocks-gallery-caption\">Fotos: Filipe Brogliatto\/ Grupo Solaris<\/figcaption><\/figure>\n","protected":false},"excerpt":{"rendered":"<p>Feira contabilizou R$ 430 milh\u00f5es em neg\u00f3cios gerados, um crescimento de 77% em rela\u00e7\u00e3o ao ano anterior Depois de quatro dias de intensa programa\u00e7\u00e3o encerrada na \u00faltima sexta-feira (21), a&hellip;<\/p>\n","protected":false},"author":13,"featured_media":0,"comment_status":"closed","ping_status":"closed","sticky":false,"template":"","format":"standard","meta":{"_lmt_disableupdate":"","_lmt_disable":"","footnotes":""},"categories":[1],"tags":[14019,148,14677,4579,4470,14570,14676,992,283],"powerkit_post_featured":[],"class_list":{"0":"post-91415","1":"post","2":"type-post","3":"status-publish","4":"format-standard","6":"category-geral","7":"tag-31a-mercopar","8":"tag-caxias-do-sul","9":"tag-encerramento-mercopar","10":"tag-evento","11":"tag-mercopar","12":"tag-mercopar-2022","13":"tag-mercopar-caxias-do-sul","14":"tag-serra","15":"tag-serra-gaucha"},"modified_by":"Filipe Brogliatto","_links":{"self":[{"href":"https:\/\/radiosolaris.com.br\/beta\/wp-json\/wp\/v2\/posts\/91415","targetHints":{"allow":["GET"]}}],"collection":[{"href":"https:\/\/radiosolaris.com.br\/beta\/wp-json\/wp\/v2\/posts"}],"about":[{"href":"https:\/\/radiosolaris.com.br\/beta\/wp-json\/wp\/v2\/types\/post"}],"author":[{"embeddable":true,"href":"https:\/\/radiosolaris.com.br\/beta\/wp-json\/wp\/v2\/users\/13"}],"replies":[{"embeddable":true,"href":"https:\/\/radiosolaris.com.br\/beta\/wp-json\/wp\/v2\/comments?post=91415"}],"version-history":[{"count":0,"href":"https:\/\/radiosolaris.com.br\/beta\/wp-json\/wp\/v2\/posts\/91415\/revisions"}],"wp:attachment":[{"href":"https:\/\/radiosolaris.com.br\/beta\/wp-json\/wp\/v2\/media?parent=91415"}],"wp:term":[{"taxonomy":"category","embeddable":true,"href":"https:\/\/radiosolaris.com.br\/beta\/wp-json\/wp\/v2\/categories?post=91415"},{"taxonomy":"post_tag","embeddable":true,"href":"https:\/\/radiosolaris.com.br\/beta\/wp-json\/wp\/v2\/tags?post=91415"},{"taxonomy":"powerkit_post_featured","embeddable":true,"href":"https:\/\/radiosolaris.com.br\/beta\/wp-json\/wp\/v2\/powerkit_post_featured?post=91415"}],"curies":[{"name":"wp","href":"https:\/\/api.w.org\/{rel}","templated":true}]}}