{"id":91379,"date":"2022-10-22T16:58:58","date_gmt":"2022-10-22T19:58:58","guid":{"rendered":"https:\/\/radiosolaris.com.br\/beta\/?p=91379"},"modified":"2022-10-24T08:32:04","modified_gmt":"2022-10-24T11:32:04","slug":"carreta-tomba-na-ers-122-entre-caxias-do-sul-e-flores-da-cunha","status":"publish","type":"post","link":"https:\/\/radiosolaris.com.br\/beta\/carreta-tomba-na-ers-122-entre-caxias-do-sul-e-flores-da-cunha\/","title":{"rendered":"Carreta tomba na ERS-122, entre Caxias do Sul e Flores da Cunha"},"content":{"rendered":"\n<h4 id=\"caminhoneiro-foi-encaminhado-ao-hospital-com-ferimentos-leves\" class=\"wp-block-heading\">Caminhoneiro foi encaminhado ao hospital com ferimentos leves<\/h4>\n\n\n\n<p>Uma carreta carregada com bebidas tombou na ERS-122, entre Flores da Cunha e Caxias do Sul. O acidente ocorreu na tarde deste s\u00e1bado (22), por volta das 14h, no km 88, pr\u00f3ximo a comunidade de S\u00e3o Gotardo.<\/p>\n\n\n\n<p>A carreta Scania com placas de Maring\u00e1 \u2013 PR tombou \u00e0s margens da rodovia quando seguia no sentido Flores da Cunha-Caxias. O motorista sofreu ferimentos leves e foi encaminhado ao hospital por uma ambul\u00e2ncia do Samu.<br>O tr\u00e2nsito n\u00e3o foi afetado no local e fluiu normalmente.<\/p>\n\n\n\n<figure class=\"wp-block-gallery has-nested-images columns-1 is-cropped wp-block-gallery-1 is-layout-flex wp-block-gallery-is-layout-flex\">\n<figure class=\"wp-block-image size-large\"><a href=\"https:\/\/radiosolaris.com.br\/beta\/wp-content\/uploads\/2022\/10\/Carreta-tomba-na-ERS-122-entre-Caxias-do-Sul-e-Flores-da-Cunha-2.jpeg\"><img  loading=\"lazy\"  decoding=\"async\"  width=\"1160\"  height=\"870\"  data-id=\"91383\"  src=\"data:image\/png;base64,iVBORw0KGgoAAAANSUhEUgAAAAEAAAABAQMAAAAl21bKAAAAA1BMVEUAAP+KeNJXAAAAAXRSTlMAQObYZgAAAAlwSFlzAAAOxAAADsQBlSsOGwAAAApJREFUCNdjYAAAAAIAAeIhvDMAAAAASUVORK5CYII=\"  alt=\"\"  class=\"wp-image-91383 pk-lazyload\"  data-pk-sizes=\"auto\"  data-ls-sizes=\"auto, (max-width: 1160px) 100vw, 1160px\"  data-pk-src=\"https:\/\/radiosolaris.com.br\/beta\/wp-content\/uploads\/2022\/10\/Carreta-tomba-na-ERS-122-entre-Caxias-do-Sul-e-Flores-da-Cunha-2-1160x870.jpeg\"  data-pk-srcset=\"https:\/\/radiosolaris.com.br\/beta\/wp-content\/uploads\/2022\/10\/Carreta-tomba-na-ERS-122-entre-Caxias-do-Sul-e-Flores-da-Cunha-2-1160x870.jpeg 1160w, https:\/\/radiosolaris.com.br\/beta\/wp-content\/uploads\/2022\/10\/Carreta-tomba-na-ERS-122-entre-Caxias-do-Sul-e-Flores-da-Cunha-2-320x240.jpeg 320w, https:\/\/radiosolaris.com.br\/beta\/wp-content\/uploads\/2022\/10\/Carreta-tomba-na-ERS-122-entre-Caxias-do-Sul-e-Flores-da-Cunha-2-800x600.jpeg 800w, https:\/\/radiosolaris.com.br\/beta\/wp-content\/uploads\/2022\/10\/Carreta-tomba-na-ERS-122-entre-Caxias-do-Sul-e-Flores-da-Cunha-2.jpeg 1280w\" ><\/a><\/figure>\n<figcaption class=\"blocks-gallery-caption\">Fotos: Filipe Brogliatto\/ Grupo Solaris<\/figcaption><\/figure>\n","protected":false},"excerpt":{"rendered":"<p>Caminhoneiro foi encaminhado ao hospital com ferimentos leves Uma carreta carregada com bebidas tombou na ERS-122, entre Flores da Cunha e Caxias do Sul. O acidente ocorreu na tarde deste&hellip;<\/p>\n","protected":false},"author":17,"featured_media":91384,"comment_status":"closed","ping_status":"closed","sticky":false,"template":"","format":"standard","meta":{"_lmt_disableupdate":"","_lmt_disable":"","footnotes":""},"categories":[14235],"tags":[307,148,522,114,14674,992,283,8096,351],"powerkit_post_featured":[],"class_list":{"0":"post-91379","1":"post","2":"type-post","3":"status-publish","4":"format-standard","5":"has-post-thumbnail","7":"category-transito","8":"tag-acidente","9":"tag-caxias-do-sul","10":"tag-ers-122-2","11":"tag-flores-da-cunha","12":"tag-km-88-da-ers-122-2","13":"tag-serra","14":"tag-serra-gaucha","15":"tag-tombamento-de-caminhao","16":"tag-transito"},"modified_by":"Filipe Brogliatto","_links":{"self":[{"href":"https:\/\/radiosolaris.com.br\/beta\/wp-json\/wp\/v2\/posts\/91379","targetHints":{"allow":["GET"]}}],"collection":[{"href":"https:\/\/radiosolaris.com.br\/beta\/wp-json\/wp\/v2\/posts"}],"about":[{"href":"https:\/\/radiosolaris.com.br\/beta\/wp-json\/wp\/v2\/types\/post"}],"author":[{"embeddable":true,"href":"https:\/\/radiosolaris.com.br\/beta\/wp-json\/wp\/v2\/users\/17"}],"replies":[{"embeddable":true,"href":"https:\/\/radiosolaris.com.br\/beta\/wp-json\/wp\/v2\/comments?post=91379"}],"version-history":[{"count":0,"href":"https:\/\/radiosolaris.com.br\/beta\/wp-json\/wp\/v2\/posts\/91379\/revisions"}],"wp:featuredmedia":[{"embeddable":true,"href":"https:\/\/radiosolaris.com.br\/beta\/wp-json\/wp\/v2\/media\/91384"}],"wp:attachment":[{"href":"https:\/\/radiosolaris.com.br\/beta\/wp-json\/wp\/v2\/media?parent=91379"}],"wp:term":[{"taxonomy":"category","embeddable":true,"href":"https:\/\/radiosolaris.com.br\/beta\/wp-json\/wp\/v2\/categories?post=91379"},{"taxonomy":"post_tag","embeddable":true,"href":"https:\/\/radiosolaris.com.br\/beta\/wp-json\/wp\/v2\/tags?post=91379"},{"taxonomy":"powerkit_post_featured","embeddable":true,"href":"https:\/\/radiosolaris.com.br\/beta\/wp-json\/wp\/v2\/powerkit_post_featured?post=91379"}],"curies":[{"name":"wp","href":"https:\/\/api.w.org\/{rel}","templated":true}]}}