{"id":91279,"date":"2022-10-21T09:00:10","date_gmt":"2022-10-21T12:00:10","guid":{"rendered":"https:\/\/radiosolaris.com.br\/beta\/?p=91279"},"modified":"2022-10-21T09:00:12","modified_gmt":"2022-10-21T12:00:12","slug":"estudantes-de-nova-padua-participam-de-acao-do-programa-saude-na-escola","status":"publish","type":"post","link":"https:\/\/radiosolaris.com.br\/beta\/estudantes-de-nova-padua-participam-de-acao-do-programa-saude-na-escola\/","title":{"rendered":"Estudantes de Nova P\u00e1dua participam de a\u00e7\u00e3o do Programa Sa\u00fade na Escola"},"content":{"rendered":"\n<h4 id=\"o-grupo-quiquiproco-apresentou-o-espetaculo-teatral-intitulado-comer-bem-e-o-melhor-remedio-para-os-alunos-da-educacao-infantil\" class=\"wp-block-heading\">O Grupo Quiquiproc\u00f3 apresentou o espet\u00e1culo teatral intitulado \u201cComer bem \u00e9 o melhor rem\u00e9dio\u201d para os alunos da educa\u00e7\u00e3o infantil<\/h4>\n\n\n\n<p>O Programa Sa\u00fade na Escola da Secretaria de Sa\u00fade de Nova P\u00e1dua tem papel fundamental no fortalecimento de a\u00e7\u00f5es que vinculem a sa\u00fade, tais como a obesidade, que comprometem a sa\u00fade de crian\u00e7as e adolescentes em idade escolar. <\/p>\n\n\n\n<p>Nesta quinta-feira (20), o Grupo Quiquiproc\u00f3 apresentou o espet\u00e1culo teatral intitulado \u201cComer bem \u00e9 o melhor rem\u00e9dio\u201d para os alunos da educa\u00e7\u00e3o infantil da Escola Municipal de Educa\u00e7\u00e3o Infantil Profs. Bortolo Bigarella e Idalino Vailatti e alunos do 1\u00ba ao 5\u00ba ano do Ensino Fundamental da Escola Luiz Gelain.<\/p>\n\n\n\n<p>O PSE \u00e9 coordenado pelo Nutricionista da Unidade Sanit\u00e1ria Dom Henrique Gelain, Pablo Ribeiro Gon\u00e7alves Couto, e, a Secret\u00e1ria de Educa\u00e7\u00e3o, Cultura, Turismo, Esporte e Lazer, Josenice Panizzon Bernardi.<\/p>\n\n\n\n<p><\/p>\n\n\n\n<figure class=\"wp-block-gallery has-nested-images columns-default is-cropped wp-block-gallery-1 is-layout-flex wp-block-gallery-is-layout-flex\">\n<figure class=\"wp-block-image size-large\"><img  loading=\"lazy\"  decoding=\"async\"  width=\"800\"  height=\"385\"  data-id=\"91280\"  src=\"data:image\/png;base64,iVBORw0KGgoAAAANSUhEUgAAAAEAAAABAQMAAAAl21bKAAAAA1BMVEUAAP+KeNJXAAAAAXRSTlMAQObYZgAAAAlwSFlzAAAOxAAADsQBlSsOGwAAAApJREFUCNdjYAAAAAIAAeIhvDMAAAAASUVORK5CYII=\"  alt=\"\"  class=\"wp-image-91280 pk-lazyload\"  data-pk-sizes=\"auto\"  data-pk-src=\"https:\/\/radiosolaris.com.br\/beta\/wp-content\/uploads\/2022\/10\/noticias_2448_20221020172252.jpg\" ><\/figure>\n\n\n\n<figure class=\"wp-block-image size-large\"><img  loading=\"lazy\"  decoding=\"async\"  width=\"800\"  height=\"533\"  data-id=\"91283\"  src=\"data:image\/png;base64,iVBORw0KGgoAAAANSUhEUgAAAAEAAAABAQMAAAAl21bKAAAAA1BMVEUAAP+KeNJXAAAAAXRSTlMAQObYZgAAAAlwSFlzAAAOxAAADsQBlSsOGwAAAApJREFUCNdjYAAAAAIAAeIhvDMAAAAASUVORK5CYII=\"  alt=\"\"  class=\"wp-image-91283 pk-lazyload\"  data-pk-sizes=\"auto\"  data-pk-src=\"https:\/\/radiosolaris.com.br\/beta\/wp-content\/uploads\/2022\/10\/noticias_2448_20221020172312.jpg\" ><\/figure>\n\n\n\n<figure class=\"wp-block-image size-large\"><img  loading=\"lazy\"  decoding=\"async\"  width=\"800\"  height=\"307\"  data-id=\"91281\"  src=\"data:image\/png;base64,iVBORw0KGgoAAAANSUhEUgAAAAEAAAABAQMAAAAl21bKAAAAA1BMVEUAAP+KeNJXAAAAAXRSTlMAQObYZgAAAAlwSFlzAAAOxAAADsQBlSsOGwAAAApJREFUCNdjYAAAAAIAAeIhvDMAAAAASUVORK5CYII=\"  alt=\"\"  class=\"wp-image-91281 pk-lazyload\"  data-pk-sizes=\"auto\"  data-pk-src=\"https:\/\/radiosolaris.com.br\/beta\/wp-content\/uploads\/2022\/10\/noticias_2448_20221020172251.jpg\" ><\/figure>\n\n\n\n<figure class=\"wp-block-image size-large\"><img  loading=\"lazy\"  decoding=\"async\"  width=\"800\"  height=\"508\"  data-id=\"91282\"  src=\"data:image\/png;base64,iVBORw0KGgoAAAANSUhEUgAAAAEAAAABAQMAAAAl21bKAAAAA1BMVEUAAP+KeNJXAAAAAXRSTlMAQObYZgAAAAlwSFlzAAAOxAAADsQBlSsOGwAAAApJREFUCNdjYAAAAAIAAeIhvDMAAAAASUVORK5CYII=\"  alt=\"\"  class=\"wp-image-91282 pk-lazyload\"  data-pk-sizes=\"auto\"  data-pk-src=\"https:\/\/radiosolaris.com.br\/beta\/wp-content\/uploads\/2022\/10\/noticias_2448_20221020172327.jpg\" ><\/figure>\n<\/figure>\n\n\n\n<p>Fotos: Maicon Pan e Pablo Couto<\/p>\n","protected":false},"excerpt":{"rendered":"<p>O Grupo Quiquiproc\u00f3 apresentou o espet\u00e1culo teatral intitulado \u201cComer bem \u00e9 o melhor rem\u00e9dio\u201d para os alunos da educa\u00e7\u00e3o infantil O Programa Sa\u00fade na Escola da Secretaria de Sa\u00fade de&hellip;<\/p>\n","protected":false},"author":19,"featured_media":91284,"comment_status":"closed","ping_status":"closed","sticky":false,"template":"","format":"standard","meta":{"_lmt_disableupdate":"","_lmt_disable":"","footnotes":""},"categories":[14376],"tags":[182,167,10921,283],"powerkit_post_featured":[],"class_list":{"0":"post-91279","1":"post","2":"type-post","3":"status-publish","4":"format-standard","5":"has-post-thumbnail","7":"category-educacao","8":"tag-educacao","9":"tag-nova-padua","10":"tag-programa-saude-na-escola","11":"tag-serra-gaucha"},"modified_by":"Luciano Pettorini","_links":{"self":[{"href":"https:\/\/radiosolaris.com.br\/beta\/wp-json\/wp\/v2\/posts\/91279","targetHints":{"allow":["GET"]}}],"collection":[{"href":"https:\/\/radiosolaris.com.br\/beta\/wp-json\/wp\/v2\/posts"}],"about":[{"href":"https:\/\/radiosolaris.com.br\/beta\/wp-json\/wp\/v2\/types\/post"}],"author":[{"embeddable":true,"href":"https:\/\/radiosolaris.com.br\/beta\/wp-json\/wp\/v2\/users\/19"}],"replies":[{"embeddable":true,"href":"https:\/\/radiosolaris.com.br\/beta\/wp-json\/wp\/v2\/comments?post=91279"}],"version-history":[{"count":0,"href":"https:\/\/radiosolaris.com.br\/beta\/wp-json\/wp\/v2\/posts\/91279\/revisions"}],"wp:featuredmedia":[{"embeddable":true,"href":"https:\/\/radiosolaris.com.br\/beta\/wp-json\/wp\/v2\/media\/91284"}],"wp:attachment":[{"href":"https:\/\/radiosolaris.com.br\/beta\/wp-json\/wp\/v2\/media?parent=91279"}],"wp:term":[{"taxonomy":"category","embeddable":true,"href":"https:\/\/radiosolaris.com.br\/beta\/wp-json\/wp\/v2\/categories?post=91279"},{"taxonomy":"post_tag","embeddable":true,"href":"https:\/\/radiosolaris.com.br\/beta\/wp-json\/wp\/v2\/tags?post=91279"},{"taxonomy":"powerkit_post_featured","embeddable":true,"href":"https:\/\/radiosolaris.com.br\/beta\/wp-json\/wp\/v2\/powerkit_post_featured?post=91279"}],"curies":[{"name":"wp","href":"https:\/\/api.w.org\/{rel}","templated":true}]}}