{"id":91264,"date":"2022-10-21T08:04:36","date_gmt":"2022-10-21T11:04:36","guid":{"rendered":"https:\/\/radiosolaris.com.br\/beta\/?p=91264"},"modified":"2022-10-21T08:04:39","modified_gmt":"2022-10-21T11:04:39","slug":"confronto-com-a-brigada-militar-termina-com-tres-mortos-e-quatro-presos-na-serra","status":"publish","type":"post","link":"https:\/\/radiosolaris.com.br\/beta\/confronto-com-a-brigada-militar-termina-com-tres-mortos-e-quatro-presos-na-serra\/","title":{"rendered":"Confronto com a Brigada Militar termina com tr\u00eas mortos e quatro presos na Serra"},"content":{"rendered":"\n<h4 id=\"nenhum-policial-envolvido-na-acao-se-feriu-os-tiroteios-aconteceram-em-bento-golcalves-e-carlos-barbosa\" class=\"wp-block-heading\">Nenhum policial envolvido na a\u00e7\u00e3o se feriu. Os tiroteios aconteceram em Bento Gol\u00e7alves e Carlos Barbosa<\/h4>\n\n\n\n<p>Bandidos entraram em confronto com a Brigada Militar (BM) na madrugada desta sexta-feira (21) na Serra Ga\u00facha. A troca de tiros resultou na morte de tr\u00eas criminosos e na pris\u00e3o de outros quatro indiv\u00edduos. Os tiroteios aconteceram em Bento Gon\u00e7alves e Carlos Barbosa.<\/p>\n\n\n\n<p>De acordo com a BM, na noite de quinta-feira (20), na Estrada Campo Bom, bairro Zona Industrial, Campo Bom, uma guarni\u00e7\u00e3o da Brigada Militar localizou uma v\u00edtima de homic\u00eddio doloso ap\u00f3s uma den\u00fancia. Segundo as informa\u00e7\u00f5es repassadas, homens vestidos de farda camuflada portando armas longas teriam sequestrado um indiv\u00edduo no bairro Alto Paulista, em Campo Bom, tripulando um ve\u00edculo sedan escuro, e teriam deslocado em dire\u00e7\u00e3o ao munic\u00edpio de Dois Irm\u00e3os. As guarni\u00e7\u00f5es realizaram dilig\u00eancias e encontraram a v\u00edtima, do sexo masculino, em \u00f3bito com v\u00e1rias perfura\u00e7\u00f5es na regi\u00e3o da cabe\u00e7a. No local do crime, foram encontrados diversos estojos de calibre 7,62mm.<\/p>\n\n\n\n<p>Ap\u00f3s o crime no Vale do Rio dos Sinos, e o trabalho dos policiais militares da intelig\u00eancia, foi poss\u00edvel constatar que os dois ve\u00edculos envolvidos na a\u00e7\u00e3o haviam fugido seguindo em dire\u00e7\u00e3o a Bento Gon\u00e7alves. J\u00e1 na madrugada desta sexta-feira (21), guarni\u00e7\u00f5es da For\u00e7a T\u00e1tica do 3\u2070 Batalh\u00e3o de Policiamento em \u00c1reas Tur\u00edsticas de Bento Gon\u00e7alves tentaram abordar os ve\u00edculos pr\u00f3ximo \u00e0 entrada da cidade e foram recebidas a tiros, sendo que os policiais responderam ao ataque. Ap\u00f3s um dos ve\u00edculos capotar durante o confronto, os brigadianos conseguiram prender um indiv\u00edduo e outros dois foram alvejados pelas guarni\u00e7\u00f5es do 3\u00ba BPAT.<\/p>\n\n\n\n<p>Na sequ\u00eancia, o segundo ve\u00edculo tamb\u00e9m foi acompanhado por outra guarni\u00e7\u00e3o da For\u00e7a T\u00e1tica e, pr\u00f3ximo da cidade de Carlos Barbosa, novamente os criminosos tentaram reagir \u00e0 a\u00e7\u00e3o da BM, sendo baleados tr\u00eas indiv\u00edduos, que acabaram n\u00e3o resistindo. O quarto integrante do grupo tentou fugir ap\u00f3s roubar um caminh\u00e3o, mas foi preso por PMs do Comando Rodovi\u00e1rio pr\u00f3ximo ao munic\u00edpio de Bom Princ\u00edpio.<\/p>\n\n\n\n<p>Foram apreendidos com os criminosos duas pistolas, dois fuzis, uma arma calibre 12 semi-autom\u00e1tica e uma carabina.<\/p>\n\n\n\n<p>Na a\u00e7\u00e3o, tr\u00eas criminosos morreram e outros quatro foram presos, sendo que tr\u00eas est\u00e3o feridos. De acordo com informa\u00e7\u00f5es preliminares, os criminosos iriam cometer outros atentados contra outros grupos rivais.<\/p>\n\n\n\n<figure class=\"wp-block-image size-full\"><img  loading=\"lazy\"  decoding=\"async\"  width=\"1160\"  height=\"868\"  src=\"data:image\/png;base64,iVBORw0KGgoAAAANSUhEUgAAAAEAAAABAQMAAAAl21bKAAAAA1BMVEUAAP+KeNJXAAAAAXRSTlMAQObYZgAAAAlwSFlzAAAOxAAADsQBlSsOGwAAAApJREFUCNdjYAAAAAIAAeIhvDMAAAAASUVORK5CYII=\"  alt=\"\"  class=\"wp-image-91265 pk-lazyload\"  data-pk-sizes=\"auto\"  data-pk-src=\"https:\/\/radiosolaris.com.br\/beta\/wp-content\/uploads\/2022\/10\/WhatsApp-Image-2022-10-21-at-07.56.07-1.jpeg\" ><\/figure>\n\n\n\n<figure class=\"wp-block-image size-full\"><img  loading=\"lazy\"  decoding=\"async\"  width=\"1160\"  height=\"868\"  src=\"data:image\/png;base64,iVBORw0KGgoAAAANSUhEUgAAAAEAAAABAQMAAAAl21bKAAAAA1BMVEUAAP+KeNJXAAAAAXRSTlMAQObYZgAAAAlwSFlzAAAOxAAADsQBlSsOGwAAAApJREFUCNdjYAAAAAIAAeIhvDMAAAAASUVORK5CYII=\"  alt=\"\"  class=\"wp-image-91266 pk-lazyload\"  data-pk-sizes=\"auto\"  data-ls-sizes=\"auto, (max-width: 1160px) 100vw, 1160px\"  data-pk-src=\"https:\/\/radiosolaris.com.br\/beta\/wp-content\/uploads\/2022\/10\/WhatsApp-Image-2022-10-21-at-07.56.07.jpeg\"  data-pk-srcset=\"https:\/\/radiosolaris.com.br\/beta\/wp-content\/uploads\/2022\/10\/WhatsApp-Image-2022-10-21-at-07.56.07.jpeg 1160w, https:\/\/radiosolaris.com.br\/beta\/wp-content\/uploads\/2022\/10\/WhatsApp-Image-2022-10-21-at-07.56.07-320x240.jpeg 320w, https:\/\/radiosolaris.com.br\/beta\/wp-content\/uploads\/2022\/10\/WhatsApp-Image-2022-10-21-at-07.56.07-800x599.jpeg 800w\" ><figcaption>Fotos: brigada militar<\/figcaption><\/figure>\n\n\n\n<p><\/p>\n","protected":false},"excerpt":{"rendered":"<p>Nenhum policial envolvido na a\u00e7\u00e3o se feriu. Os tiroteios aconteceram em Bento Gol\u00e7alves e Carlos Barbosa Bandidos entraram em confronto com a Brigada Militar (BM) na madrugada desta sexta-feira (21)&hellip;<\/p>\n","protected":false},"author":19,"featured_media":91268,"comment_status":"closed","ping_status":"closed","sticky":false,"template":"","format":"standard","meta":{"_lmt_disableupdate":"","_lmt_disable":"","footnotes":""},"categories":[14234],"tags":[306,247,638,14649,283,3504],"powerkit_post_featured":[],"class_list":{"0":"post-91264","1":"post","2":"type-post","3":"status-publish","4":"format-standard","5":"has-post-thumbnail","7":"category-seguranca","8":"tag-bento-goncalves","9":"tag-brigada-militar","10":"tag-carlos-barbosa","11":"tag-confronto-armado","12":"tag-serra-gaucha","13":"tag-tiroteio"},"modified_by":"Luciano Pettorini","_links":{"self":[{"href":"https:\/\/radiosolaris.com.br\/beta\/wp-json\/wp\/v2\/posts\/91264","targetHints":{"allow":["GET"]}}],"collection":[{"href":"https:\/\/radiosolaris.com.br\/beta\/wp-json\/wp\/v2\/posts"}],"about":[{"href":"https:\/\/radiosolaris.com.br\/beta\/wp-json\/wp\/v2\/types\/post"}],"author":[{"embeddable":true,"href":"https:\/\/radiosolaris.com.br\/beta\/wp-json\/wp\/v2\/users\/19"}],"replies":[{"embeddable":true,"href":"https:\/\/radiosolaris.com.br\/beta\/wp-json\/wp\/v2\/comments?post=91264"}],"version-history":[{"count":0,"href":"https:\/\/radiosolaris.com.br\/beta\/wp-json\/wp\/v2\/posts\/91264\/revisions"}],"wp:featuredmedia":[{"embeddable":true,"href":"https:\/\/radiosolaris.com.br\/beta\/wp-json\/wp\/v2\/media\/91268"}],"wp:attachment":[{"href":"https:\/\/radiosolaris.com.br\/beta\/wp-json\/wp\/v2\/media?parent=91264"}],"wp:term":[{"taxonomy":"category","embeddable":true,"href":"https:\/\/radiosolaris.com.br\/beta\/wp-json\/wp\/v2\/categories?post=91264"},{"taxonomy":"post_tag","embeddable":true,"href":"https:\/\/radiosolaris.com.br\/beta\/wp-json\/wp\/v2\/tags?post=91264"},{"taxonomy":"powerkit_post_featured","embeddable":true,"href":"https:\/\/radiosolaris.com.br\/beta\/wp-json\/wp\/v2\/powerkit_post_featured?post=91264"}],"curies":[{"name":"wp","href":"https:\/\/api.w.org\/{rel}","templated":true}]}}