{"id":91216,"date":"2022-10-20T11:10:47","date_gmt":"2022-10-20T14:10:47","guid":{"rendered":"https:\/\/radiosolaris.com.br\/beta\/?p=91216"},"modified":"2022-10-20T11:11:44","modified_gmt":"2022-10-20T14:11:44","slug":"flores-da-cunha-atinge-100-de-criancas-vacinadas-contra-a-poliomielite","status":"publish","type":"post","link":"https:\/\/radiosolaris.com.br\/beta\/flores-da-cunha-atinge-100-de-criancas-vacinadas-contra-a-poliomielite\/","title":{"rendered":"Flores da Cunha atinge 100% de crian\u00e7as vacinadas contra a Poliomielite"},"content":{"rendered":"\n<h4 id=\"segundo-a-secretaria-de-saude-1-365-criancas-receberam-a-gotinha\" class=\"wp-block-heading\">Segundo a Secretaria de Sa\u00fade, 1.365 crian\u00e7as receberam a gotinha &nbsp;<\/h4>\n\n\n\n<p>Flores da Cunha atingiu 100% de crian\u00e7as vacinadas conta a Poliomielite, ou seja, 1.365 crian\u00e7as de 1 a 5 anos receberam o imunizante contra a Paralisia Infantil na cidade. Os dados foram repassados pela Secretaria Municipal de Sa\u00fade (SMS).<\/p>\n\n\n\n<p>A Campanha Nacional de Vacina\u00e7\u00e3o havia sido prorrogada at\u00e9 s\u00e1bado (22). Esta foi a segunda vez que a vacina\u00e7\u00e3o contra a P\u00f3lio foi prorrogada no Rio Grande do Sul. Com o in\u00edcio em 8 de agosto, a previs\u00e3o inicial de t\u00e9rmino era para o dia 9 de setembro, mas foi prorrogada para o dia 30 do mesmo m\u00eas. Por\u00e9m, devido a baixa procura, a Secretaria Municipal da Sa\u00fade (SES) recomendou a oferta dos imunizantes at\u00e9 o dia 22 de outubro.<\/p>\n\n\n\n<p>Em 1994 o Brasil foi certificado pela Organiza\u00e7\u00e3o Mundial da Sa\u00fade (OMS) como livre da Poliomielite. Contudo, a doen\u00e7a corre grande risco de ser reintroduzida no pa\u00eds. A avalia\u00e7\u00e3o \u00e9 do pesquisador Fernando Verani, epidemiologista da Escola Nacional de Sa\u00fade P\u00fablica (ENSP\/Fiocruz).<\/p>\n\n\n\n<p>O principal motivo para alerta \u00e9 a baixa cobertura vacinal. Apesar da gravidade das sequelas provocadas pela p\u00f3lio, o Brasil n\u00e3o cumpre, desde 2015, a meta de 95% do p\u00fablico-alvo vacinado, patamar necess\u00e1rio para que a popula\u00e7\u00e3o seja considerada protegida contra a doen\u00e7a.<\/p>\n\n\n\n<p>A poliomielite \u00e9 uma doen\u00e7a infecto-contagiosa aguda causada pelo poliov\u00edrus selvagem respons\u00e1vel por diversas epidemias no Brasil e no mundo. Ela pode provocar desde sintomas como os de um resfriado comum a problemas graves no sistema nervoso, como paralisia irrevers\u00edvel, principalmente em crian\u00e7as com menos de cinco anos de idade.<\/p>\n","protected":false},"excerpt":{"rendered":"<p>Segundo a Secretaria de Sa\u00fade, 1.365 crian\u00e7as receberam a gotinha &nbsp; Flores da Cunha atingiu 100% de crian\u00e7as vacinadas conta a Poliomielite, ou seja, 1.365 crian\u00e7as de 1 a 5&hellip;<\/p>\n","protected":false},"author":16,"featured_media":0,"comment_status":"closed","ping_status":"closed","sticky":false,"template":"","format":"standard","meta":{"_lmt_disableupdate":"","_lmt_disable":"","footnotes":""},"categories":[1855],"tags":[114,5335,4993,1014,903,992,283,161,13576],"powerkit_post_featured":[],"class_list":{"0":"post-91216","1":"post","2":"type-post","3":"status-publish","4":"format-standard","6":"category-saude","7":"tag-flores-da-cunha","8":"tag-paralisia-infantil","9":"tag-polio","10":"tag-saude","11":"tag-secretaria-da-saude","12":"tag-serra","13":"tag-serra-gaucha","14":"tag-vacinacao","15":"tag-vacinacao-poliomielite"},"modified_by":"Bruna Picinini","_links":{"self":[{"href":"https:\/\/radiosolaris.com.br\/beta\/wp-json\/wp\/v2\/posts\/91216","targetHints":{"allow":["GET"]}}],"collection":[{"href":"https:\/\/radiosolaris.com.br\/beta\/wp-json\/wp\/v2\/posts"}],"about":[{"href":"https:\/\/radiosolaris.com.br\/beta\/wp-json\/wp\/v2\/types\/post"}],"author":[{"embeddable":true,"href":"https:\/\/radiosolaris.com.br\/beta\/wp-json\/wp\/v2\/users\/16"}],"replies":[{"embeddable":true,"href":"https:\/\/radiosolaris.com.br\/beta\/wp-json\/wp\/v2\/comments?post=91216"}],"version-history":[{"count":0,"href":"https:\/\/radiosolaris.com.br\/beta\/wp-json\/wp\/v2\/posts\/91216\/revisions"}],"wp:attachment":[{"href":"https:\/\/radiosolaris.com.br\/beta\/wp-json\/wp\/v2\/media?parent=91216"}],"wp:term":[{"taxonomy":"category","embeddable":true,"href":"https:\/\/radiosolaris.com.br\/beta\/wp-json\/wp\/v2\/categories?post=91216"},{"taxonomy":"post_tag","embeddable":true,"href":"https:\/\/radiosolaris.com.br\/beta\/wp-json\/wp\/v2\/tags?post=91216"},{"taxonomy":"powerkit_post_featured","embeddable":true,"href":"https:\/\/radiosolaris.com.br\/beta\/wp-json\/wp\/v2\/powerkit_post_featured?post=91216"}],"curies":[{"name":"wp","href":"https:\/\/api.w.org\/{rel}","templated":true}]}}