{"id":91206,"date":"2022-10-20T10:15:01","date_gmt":"2022-10-20T13:15:01","guid":{"rendered":"https:\/\/radiosolaris.com.br\/beta\/?p=91206"},"modified":"2022-10-20T10:15:05","modified_gmt":"2022-10-20T13:15:05","slug":"deficientes-visuais-participam-da-trilha-caminho-do-bem-em-nova-padua","status":"publish","type":"post","link":"https:\/\/radiosolaris.com.br\/beta\/deficientes-visuais-participam-da-trilha-caminho-do-bem-em-nova-padua\/","title":{"rendered":"Deficientes visuais participam da trilha \u201cCaminho do Bem\u201d em Nova P\u00e1dua"},"content":{"rendered":"\n<h4 id=\"ao-todo-20-estudantes-da-apadev-tiveram-a-experiencia-turistica-auto-falada-das-belezas-naturais-da-cidade\" class=\"wp-block-heading\">Ao todo, 20 estudantes da APADEV tiveram a experi\u00eancia tur\u00edstica auto falada das belezas naturais da cidade<\/h4>\n\n\n\n<p>O munic\u00edpio de Nova P\u00e1dua promoveu, na \u00faltima segunda-feira (17), a trilha \u201cCaminho do Bem\u201d, uma a\u00e7\u00e3o alusiva \u00e0 Semana Municipal do Turismo. O evento foi promovido pela prefeitura, em parceria com a Associa\u00e7\u00e3o de Pais e Amigos de Deficientes Visuais (APADEV), de Caxias do Sul.<\/p>\n\n\n\n<p>O grupo de 20 estudantes da associa\u00e7\u00e3o, que inclui deficientes visuais e pessoas de baixa vis\u00e3o, foi recepcionado no interior do munic\u00edpio. A trilha, que teve in\u00edcio e chegada na comunidade do Travess\u00e3o Mutzel, passou pelo Rancho da Amizade e seguiram at\u00e9 a cachoeira, onde tiveram a oportunidade de entrar na \u00e1gua.<\/p>\n\n\n\n<p>Os participantes tiveram uma experi\u00eancia tur\u00edstica auto falada pelas belezas naturais do Pequeno Para\u00edso Italiano, com o aux\u00edlio de estudantes volunt\u00e1rios de Nova P\u00e1dua. O trio eleito de soberanas da 15\u00aa Feprocol \u2013 rainha \u00c9rika Scariot Bernardi e as princesas Aline Marin e Milena Chiarani \u2013 tamb\u00e9m participaram da trilha.<\/p>\n\n\n\n<p>O guia tur\u00edstico, Deonir Sonda, da \u2018Trilhas P\u00e9 no Mato\u2019, tamb\u00e9m trabalhou de forma volunt\u00e1ria.<\/p>\n\n\n\n<figure class=\"wp-block-gallery has-nested-images columns-2 is-cropped wp-block-gallery-1 is-layout-flex wp-block-gallery-is-layout-flex\">\n<figure class=\"wp-block-image size-large\"><a href=\"https:\/\/radiosolaris.com.br\/beta\/wp-content\/uploads\/2022\/10\/Deficientes-visuais-participam-da-trilha-Caminho-do-Bem-em-Nova-Padua-5.jpg\"><img  loading=\"lazy\"  decoding=\"async\"  width=\"1160\"  height=\"1547\"  data-id=\"91207\"  src=\"data:image\/png;base64,iVBORw0KGgoAAAANSUhEUgAAAAEAAAABAQMAAAAl21bKAAAAA1BMVEUAAP+KeNJXAAAAAXRSTlMAQObYZgAAAAlwSFlzAAAOxAAADsQBlSsOGwAAAApJREFUCNdjYAAAAAIAAeIhvDMAAAAASUVORK5CYII=\"  alt=\"\"  class=\"wp-image-91207 pk-lazyload\"  data-pk-sizes=\"auto\"  data-ls-sizes=\"auto, (max-width: 1160px) 100vw, 1160px\"  data-pk-src=\"https:\/\/radiosolaris.com.br\/beta\/wp-content\/uploads\/2022\/10\/Deficientes-visuais-participam-da-trilha-Caminho-do-Bem-em-Nova-Padua-5-1160x1547.jpg\"  data-pk-srcset=\"https:\/\/radiosolaris.com.br\/beta\/wp-content\/uploads\/2022\/10\/Deficientes-visuais-participam-da-trilha-Caminho-do-Bem-em-Nova-Padua-5-1160x1547.jpg 1160w, https:\/\/radiosolaris.com.br\/beta\/wp-content\/uploads\/2022\/10\/Deficientes-visuais-participam-da-trilha-Caminho-do-Bem-em-Nova-Padua-5-800x1067.jpg 800w, https:\/\/radiosolaris.com.br\/beta\/wp-content\/uploads\/2022\/10\/Deficientes-visuais-participam-da-trilha-Caminho-do-Bem-em-Nova-Padua-5.jpg 960w\" ><\/a><\/figure>\n\n\n\n<figure class=\"wp-block-image size-large\"><a href=\"https:\/\/radiosolaris.com.br\/beta\/wp-content\/uploads\/2022\/10\/Deficientes-visuais-participam-da-trilha-Caminho-do-Bem-em-Nova-Padua-6.jpg\"><img  loading=\"lazy\"  decoding=\"async\"  width=\"1160\"  height=\"1547\"  data-id=\"91213\"  src=\"data:image\/png;base64,iVBORw0KGgoAAAANSUhEUgAAAAEAAAABAQMAAAAl21bKAAAAA1BMVEUAAP+KeNJXAAAAAXRSTlMAQObYZgAAAAlwSFlzAAAOxAAADsQBlSsOGwAAAApJREFUCNdjYAAAAAIAAeIhvDMAAAAASUVORK5CYII=\"  alt=\"\"  class=\"wp-image-91213 pk-lazyload\"  data-pk-sizes=\"auto\"  data-ls-sizes=\"auto, (max-width: 1160px) 100vw, 1160px\"  data-pk-src=\"https:\/\/radiosolaris.com.br\/beta\/wp-content\/uploads\/2022\/10\/Deficientes-visuais-participam-da-trilha-Caminho-do-Bem-em-Nova-Padua-6-1160x1547.jpg\"  data-pk-srcset=\"https:\/\/radiosolaris.com.br\/beta\/wp-content\/uploads\/2022\/10\/Deficientes-visuais-participam-da-trilha-Caminho-do-Bem-em-Nova-Padua-6-1160x1547.jpg 1160w, https:\/\/radiosolaris.com.br\/beta\/wp-content\/uploads\/2022\/10\/Deficientes-visuais-participam-da-trilha-Caminho-do-Bem-em-Nova-Padua-6-800x1067.jpg 800w, https:\/\/radiosolaris.com.br\/beta\/wp-content\/uploads\/2022\/10\/Deficientes-visuais-participam-da-trilha-Caminho-do-Bem-em-Nova-Padua-6.jpg 960w\" ><\/a><\/figure>\n\n\n\n<figure class=\"wp-block-image size-large\"><a href=\"https:\/\/radiosolaris.com.br\/beta\/wp-content\/uploads\/2022\/10\/Deficientes-visuais-participam-da-trilha-Caminho-do-Bem-em-Nova-Padua-7.jpg\"><img  loading=\"lazy\"  decoding=\"async\"  width=\"1160\"  height=\"1547\"  data-id=\"91211\"  src=\"data:image\/png;base64,iVBORw0KGgoAAAANSUhEUgAAAAEAAAABAQMAAAAl21bKAAAAA1BMVEUAAP+KeNJXAAAAAXRSTlMAQObYZgAAAAlwSFlzAAAOxAAADsQBlSsOGwAAAApJREFUCNdjYAAAAAIAAeIhvDMAAAAASUVORK5CYII=\"  alt=\"\"  class=\"wp-image-91211 pk-lazyload\"  data-pk-sizes=\"auto\"  data-ls-sizes=\"auto, (max-width: 1160px) 100vw, 1160px\"  data-pk-src=\"https:\/\/radiosolaris.com.br\/beta\/wp-content\/uploads\/2022\/10\/Deficientes-visuais-participam-da-trilha-Caminho-do-Bem-em-Nova-Padua-7-1160x1547.jpg\"  data-pk-srcset=\"https:\/\/radiosolaris.com.br\/beta\/wp-content\/uploads\/2022\/10\/Deficientes-visuais-participam-da-trilha-Caminho-do-Bem-em-Nova-Padua-7-1160x1547.jpg 1160w, https:\/\/radiosolaris.com.br\/beta\/wp-content\/uploads\/2022\/10\/Deficientes-visuais-participam-da-trilha-Caminho-do-Bem-em-Nova-Padua-7-800x1067.jpg 800w, https:\/\/radiosolaris.com.br\/beta\/wp-content\/uploads\/2022\/10\/Deficientes-visuais-participam-da-trilha-Caminho-do-Bem-em-Nova-Padua-7.jpg 960w\" ><\/a><\/figure>\n\n\n\n<figure class=\"wp-block-image size-large\"><a href=\"https:\/\/radiosolaris.com.br\/beta\/wp-content\/uploads\/2022\/10\/Deficientes-visuais-participam-da-trilha-Caminho-do-Bem-em-Nova-Padua-2.jpg\"><img  loading=\"lazy\"  decoding=\"async\"  width=\"1160\"  height=\"1547\"  data-id=\"91208\"  src=\"data:image\/png;base64,iVBORw0KGgoAAAANSUhEUgAAAAEAAAABAQMAAAAl21bKAAAAA1BMVEUAAP+KeNJXAAAAAXRSTlMAQObYZgAAAAlwSFlzAAAOxAAADsQBlSsOGwAAAApJREFUCNdjYAAAAAIAAeIhvDMAAAAASUVORK5CYII=\"  alt=\"\"  class=\"wp-image-91208 pk-lazyload\"  data-pk-sizes=\"auto\"  data-ls-sizes=\"auto, (max-width: 1160px) 100vw, 1160px\"  data-pk-src=\"https:\/\/radiosolaris.com.br\/beta\/wp-content\/uploads\/2022\/10\/Deficientes-visuais-participam-da-trilha-Caminho-do-Bem-em-Nova-Padua-2-1160x1547.jpg\"  data-pk-srcset=\"https:\/\/radiosolaris.com.br\/beta\/wp-content\/uploads\/2022\/10\/Deficientes-visuais-participam-da-trilha-Caminho-do-Bem-em-Nova-Padua-2-1160x1547.jpg 1160w, https:\/\/radiosolaris.com.br\/beta\/wp-content\/uploads\/2022\/10\/Deficientes-visuais-participam-da-trilha-Caminho-do-Bem-em-Nova-Padua-2-800x1067.jpg 800w, https:\/\/radiosolaris.com.br\/beta\/wp-content\/uploads\/2022\/10\/Deficientes-visuais-participam-da-trilha-Caminho-do-Bem-em-Nova-Padua-2.jpg 960w\" ><\/a><\/figure>\n\n\n\n<figure class=\"wp-block-image size-large\"><a href=\"https:\/\/radiosolaris.com.br\/beta\/wp-content\/uploads\/2022\/10\/Deficientes-visuais-participam-da-trilha-Caminho-do-Bem-em-Nova-Padua-3.jpg\"><img  decoding=\"async\"  data-id=\"91212\"  src=\"data:image\/png;base64,iVBORw0KGgoAAAANSUhEUgAAAAEAAAABAQMAAAAl21bKAAAAA1BMVEUAAP+KeNJXAAAAAXRSTlMAQObYZgAAAAlwSFlzAAAOxAAADsQBlSsOGwAAAApJREFUCNdjYAAAAAIAAeIhvDMAAAAASUVORK5CYII=\"  alt=\"\"  class=\"wp-image-91212 pk-lazyload\"  data-pk-sizes=\"auto\"  data-pk-src=\"https:\/\/radiosolaris.com.br\/beta\/wp-content\/uploads\/2022\/10\/Deficientes-visuais-participam-da-trilha-Caminho-do-Bem-em-Nova-Padua-3-1160x1547.jpg\" ><\/a><\/figure>\n\n\n\n<figure class=\"wp-block-image size-large\"><a href=\"https:\/\/radiosolaris.com.br\/beta\/wp-content\/uploads\/2022\/10\/Deficientes-visuais-participam-da-trilha-Caminho-do-Bem-em-Nova-Padua-4.jpg\"><img  decoding=\"async\"  data-id=\"91210\"  src=\"data:image\/png;base64,iVBORw0KGgoAAAANSUhEUgAAAAEAAAABAQMAAAAl21bKAAAAA1BMVEUAAP+KeNJXAAAAAXRSTlMAQObYZgAAAAlwSFlzAAAOxAAADsQBlSsOGwAAAApJREFUCNdjYAAAAAIAAeIhvDMAAAAASUVORK5CYII=\"  alt=\"\"  class=\"wp-image-91210 pk-lazyload\"  data-pk-sizes=\"auto\"  data-pk-src=\"https:\/\/radiosolaris.com.br\/beta\/wp-content\/uploads\/2022\/10\/Deficientes-visuais-participam-da-trilha-Caminho-do-Bem-em-Nova-Padua-4-1160x1547.jpg\" ><\/a><\/figure>\n<\/figure>\n","protected":false},"excerpt":{"rendered":"<p>Ao todo, 20 estudantes da APADEV tiveram a experi\u00eancia tur\u00edstica auto falada das belezas naturais da cidade O munic\u00edpio de Nova P\u00e1dua promoveu, na \u00faltima segunda-feira (17), a trilha \u201cCaminho&hellip;<\/p>\n","protected":false},"author":13,"featured_media":91209,"comment_status":"closed","ping_status":"closed","sticky":false,"template":"","format":"standard","meta":{"_lmt_disableupdate":"","_lmt_disable":"","footnotes":""},"categories":[83],"tags":[14634,14633,148,167,992,283,7708,14632],"powerkit_post_featured":[],"class_list":{"0":"post-91206","1":"post","2":"type-post","3":"status-publish","4":"format-standard","5":"has-post-thumbnail","7":"category-serra-gaucha","8":"tag-apadev","9":"tag-associacao-de-pais-e-amigos-de-deficientes-visuais","10":"tag-caxias-do-sul","11":"tag-nova-padua","12":"tag-serra","13":"tag-serra-gaucha","14":"tag-travessao-mutzel","15":"tag-trilha-caminho-do-bem"},"modified_by":"Filipe Brogliatto","_links":{"self":[{"href":"https:\/\/radiosolaris.com.br\/beta\/wp-json\/wp\/v2\/posts\/91206","targetHints":{"allow":["GET"]}}],"collection":[{"href":"https:\/\/radiosolaris.com.br\/beta\/wp-json\/wp\/v2\/posts"}],"about":[{"href":"https:\/\/radiosolaris.com.br\/beta\/wp-json\/wp\/v2\/types\/post"}],"author":[{"embeddable":true,"href":"https:\/\/radiosolaris.com.br\/beta\/wp-json\/wp\/v2\/users\/13"}],"replies":[{"embeddable":true,"href":"https:\/\/radiosolaris.com.br\/beta\/wp-json\/wp\/v2\/comments?post=91206"}],"version-history":[{"count":0,"href":"https:\/\/radiosolaris.com.br\/beta\/wp-json\/wp\/v2\/posts\/91206\/revisions"}],"wp:featuredmedia":[{"embeddable":true,"href":"https:\/\/radiosolaris.com.br\/beta\/wp-json\/wp\/v2\/media\/91209"}],"wp:attachment":[{"href":"https:\/\/radiosolaris.com.br\/beta\/wp-json\/wp\/v2\/media?parent=91206"}],"wp:term":[{"taxonomy":"category","embeddable":true,"href":"https:\/\/radiosolaris.com.br\/beta\/wp-json\/wp\/v2\/categories?post=91206"},{"taxonomy":"post_tag","embeddable":true,"href":"https:\/\/radiosolaris.com.br\/beta\/wp-json\/wp\/v2\/tags?post=91206"},{"taxonomy":"powerkit_post_featured","embeddable":true,"href":"https:\/\/radiosolaris.com.br\/beta\/wp-json\/wp\/v2\/powerkit_post_featured?post=91206"}],"curies":[{"name":"wp","href":"https:\/\/api.w.org\/{rel}","templated":true}]}}