{"id":91184,"date":"2022-10-20T08:24:23","date_gmt":"2022-10-20T11:24:23","guid":{"rendered":"https:\/\/radiosolaris.com.br\/beta\/?p=91184"},"modified":"2022-10-20T08:24:26","modified_gmt":"2022-10-20T11:24:26","slug":"avo-condenado-por-estupro-da-neta-de-dois-anos-e-preso-em-bento-goncalves","status":"publish","type":"post","link":"https:\/\/radiosolaris.com.br\/beta\/avo-condenado-por-estupro-da-neta-de-dois-anos-e-preso-em-bento-goncalves\/","title":{"rendered":"Av\u00f4 condenado por estupro da neta de dois anos \u00e9 preso em Bento Gon\u00e7alves"},"content":{"rendered":"\n<h4 id=\"o-foragido-de-75-anos-foi-localizado-durante-operacao-da-prf-nesta-quarta-feira-19\" class=\"wp-block-heading\">O foragido de 75 anos foi localizado durante opera\u00e7\u00e3o da PRF nesta quarta-feira (19)<\/h4>\n\n\n\n<p>Um homem de 75 anos condenado pelo estupro da neta de dois anos foi preso em a\u00e7\u00e3o da Pol\u00edcia Rodovi\u00e1ria Federal em Bento Gon\u00e7alves, na noite desta quarta-feira (19). Ele estava foragido da justi\u00e7a.<\/p>\n\n\n\n<p>O foragido, que \u00e9 natural de Garibaldi, estava em um Scenic com placas de Bento Gon\u00e7alves. O idoso foi encaminhado ao sistema prisional.<\/p>\n\n\n\n<p><\/p>\n\n\n\n<figure class=\"wp-block-image size-full\"><img  loading=\"lazy\"  decoding=\"async\"  width=\"700\"  height=\"466\"  src=\"data:image\/png;base64,iVBORw0KGgoAAAANSUhEUgAAArwAAAHSAQMAAAA0Yoq3AAAAA1BMVEUAAP+KeNJXAAAAAXRSTlMAQObYZgAAAAlwSFlzAAAOxAAADsQBlSsOGwAAAD9JREFUeNrtwQENAAAAwqD3T20ON6AAAAAAAAAAAAAAAAAAAAAAAAAAAAAAAAAAAAAAAAAAAAAAAAAAAAAA3g2iAgABMqrkqwAAAABJRU5ErkJggg==\"  alt=\"\"  class=\"wp-image-45863 pk-lazyload\"  data-pk-sizes=\"auto\"  data-ls-sizes=\"auto, (max-width: 700px) 100vw, 700px\"  data-pk-src=\"https:\/\/radiosolaris.com.br\/beta\/wp-content\/uploads\/2021\/01\/PRF-1.jpg\"  data-pk-srcset=\"https:\/\/radiosolaris.com.br\/beta\/wp-content\/uploads\/2021\/01\/PRF-1.jpg 700w, https:\/\/radiosolaris.com.br\/beta\/wp-content\/uploads\/2021\/01\/PRF-1-120x80.jpg 120w, https:\/\/radiosolaris.com.br\/beta\/wp-content\/uploads\/2021\/01\/PRF-1-90x60.jpg 90w, https:\/\/radiosolaris.com.br\/beta\/wp-content\/uploads\/2021\/01\/PRF-1-320x213.jpg 320w, https:\/\/radiosolaris.com.br\/beta\/wp-content\/uploads\/2021\/01\/PRF-1-560x373.jpg 560w\" ><figcaption>Foto: divulga\u00e7\u00e3o<\/figcaption><\/figure>\n\n\n\n<p><\/p>\n","protected":false},"excerpt":{"rendered":"<p>O foragido de 75 anos foi localizado durante opera\u00e7\u00e3o da PRF nesta quarta-feira (19) Um homem de 75 anos condenado pelo estupro da neta de dois anos foi preso em&hellip;<\/p>\n","protected":false},"author":19,"featured_media":0,"comment_status":"closed","ping_status":"closed","sticky":false,"template":"","format":"standard","meta":{"_lmt_disableupdate":"","_lmt_disable":"","footnotes":""},"categories":[14234],"tags":[306,4635,840,301,303,283],"powerkit_post_featured":[],"class_list":{"0":"post-91184","1":"post","2":"type-post","3":"status-publish","4":"format-standard","6":"category-seguranca","7":"tag-bento-goncalves","8":"tag-estuprador","9":"tag-foragido","10":"tag-prf","11":"tag-prisao","12":"tag-serra-gaucha"},"modified_by":"Luciano Pettorini","_links":{"self":[{"href":"https:\/\/radiosolaris.com.br\/beta\/wp-json\/wp\/v2\/posts\/91184","targetHints":{"allow":["GET"]}}],"collection":[{"href":"https:\/\/radiosolaris.com.br\/beta\/wp-json\/wp\/v2\/posts"}],"about":[{"href":"https:\/\/radiosolaris.com.br\/beta\/wp-json\/wp\/v2\/types\/post"}],"author":[{"embeddable":true,"href":"https:\/\/radiosolaris.com.br\/beta\/wp-json\/wp\/v2\/users\/19"}],"replies":[{"embeddable":true,"href":"https:\/\/radiosolaris.com.br\/beta\/wp-json\/wp\/v2\/comments?post=91184"}],"version-history":[{"count":0,"href":"https:\/\/radiosolaris.com.br\/beta\/wp-json\/wp\/v2\/posts\/91184\/revisions"}],"wp:attachment":[{"href":"https:\/\/radiosolaris.com.br\/beta\/wp-json\/wp\/v2\/media?parent=91184"}],"wp:term":[{"taxonomy":"category","embeddable":true,"href":"https:\/\/radiosolaris.com.br\/beta\/wp-json\/wp\/v2\/categories?post=91184"},{"taxonomy":"post_tag","embeddable":true,"href":"https:\/\/radiosolaris.com.br\/beta\/wp-json\/wp\/v2\/tags?post=91184"},{"taxonomy":"powerkit_post_featured","embeddable":true,"href":"https:\/\/radiosolaris.com.br\/beta\/wp-json\/wp\/v2\/powerkit_post_featured?post=91184"}],"curies":[{"name":"wp","href":"https:\/\/api.w.org\/{rel}","templated":true}]}}