{"id":91167,"date":"2022-10-19T19:28:40","date_gmt":"2022-10-19T22:28:40","guid":{"rendered":"https:\/\/radiosolaris.com.br\/beta\/?p=91167"},"modified":"2022-10-19T19:28:42","modified_gmt":"2022-10-19T22:28:42","slug":"ubs-do-distrito-caxiense-de-vila-cristina-completa-20-anos","status":"publish","type":"post","link":"https:\/\/radiosolaris.com.br\/beta\/ubs-do-distrito-caxiense-de-vila-cristina-completa-20-anos\/","title":{"rendered":"UBS do distrito caxiense de Vila Cristina completa 20 anos"},"content":{"rendered":"\n<h4 id=\"um-gaiteiro-uma-terapeuta-uma-fisioterapeuta-e-um-dentista-estiveram-entre-os-atrativos-das-comemoracoes-nesta-quarta-feira-19\" class=\"wp-block-heading\">Um gaiteiro, uma terapeuta, uma fisioterapeuta e um dentista estiveram entre os atrativos das comemora\u00e7\u00f5es, nesta quarta-feira (19)<\/h4>\n\n\n\n<p>A Unidade B\u00e1sica de Sa\u00fade (UBS) Vila Cristina completou 20 anos nesta quarta-feira (19). E para demarcar a data, a equipe preparou uma s\u00e9rie de atrativos voltados \u00e0 comunidade do distrito. As atividades demarcaram tamb\u00e9m as comemora\u00e7\u00f5es do M\u00eas do Idoso.<\/p>\n\n\n\n<p>A tarde iniciou com atividade em sala de espera promovida pelo dentista Jefer Santacatterina, que atua nessa Unidade e abordou a tem\u00e1tica Sa\u00fade Bucal do Idoso. Depois, a fisioterapeuta Francieli Dalegrave, que \u00e9 usu\u00e1ria da UBS, ministrou uma oficina de alongamentos. Durante toda a tarde, a terapeuta Tatiana Grammz Uez realizou aplica\u00e7\u00f5es de auriculoterapia.<\/p>\n\n\n\n<p>A tarde teve, ainda, comes e bebes e uma apresenta\u00e7\u00e3o musical com o gaiteiro Edvino Ribeiro de Freitas, 79 anos, morador de Vila Cristina e tamb\u00e9m usu\u00e1rio da UBS. Ele tocou m\u00fasicas t\u00edpicas alem\u00e3s e animou os presentes. \u201cEles me convidaram e eu n\u00e3o pude negar, pois cuidam muito bem de mim nessa UBS. Estou muito contente\u201d, disse, entre uma m\u00fasica e outra.<\/p>\n\n\n\n<p>A vice-prefeita Paula Ioris destacou e parabenizou o engajamento da comunidade: \u201cFicamos muito contentes em ver todo esse carinho e envolvimento dos moradores nesse momento t\u00e3o importante para a UBS, do qual fizemos quest\u00e3o de estarmos presentes\u201d. A vice-prefeita destacou a preven\u00e7\u00e3o do c\u00e2ncer de mama, motivo pelo qual ela e as representantes da Secretaria Municipal da Sa\u00fade (SMS) vestiram rosa nesta quarta-feira, Dia Internacional de Combate ao C\u00e2ncer de Mama.<\/p>\n\n\n\n<p>A celebra\u00e7\u00e3o foi toda organizada pela equipe da UBS. Todas as atra\u00e7\u00f5es foram realizadas de forma volunt\u00e1ria. A secret\u00e1ria municipal da Sa\u00fade, Daniele Meneguzzi, saudou a todos os presentes e enalteceu esse esp\u00edrito de coletividade: \u201cMomentos como esse nos deixam extremamente felizes e mostram como a presen\u00e7a da comunidade faz a diferen\u00e7a\u201d.<br><br>Tamb\u00e9m estiveram presentes a diretora da Aten\u00e7\u00e3o Prim\u00e1ria em Sa\u00fade, Juliana Argenta Calloni; a diretora administrativa da SMS, Ana Paula de Lima Miranda; e o gerente interino da UBS, Valtair Morais.<\/p>\n\n\n\n<p>Foto: Cristiane Barcelos \/ Assessoria Prefeitura<\/p>\n","protected":false},"excerpt":{"rendered":"<p>Um gaiteiro, uma terapeuta, uma fisioterapeuta e um dentista estiveram entre os atrativos das comemora\u00e7\u00f5es, nesta quarta-feira (19) A Unidade B\u00e1sica de Sa\u00fade (UBS) Vila Cristina completou 20 anos nesta&hellip;<\/p>\n","protected":false},"author":17,"featured_media":91168,"comment_status":"closed","ping_status":"closed","sticky":false,"template":"","format":"standard","meta":{"_lmt_disableupdate":"","_lmt_disable":"","footnotes":""},"categories":[1855],"tags":[14624,14149,1014,14623,9533],"powerkit_post_featured":[],"class_list":{"0":"post-91167","1":"post","2":"type-post","3":"status-publish","4":"format-standard","5":"has-post-thumbnail","7":"category-saude","8":"tag-aniversario-da-ubs","9":"tag-mes-do-idoso-2","10":"tag-saude","11":"tag-ubs-vila-cristina","12":"tag-vila-cristina"},"modified_by":"Bruna Picinini","_links":{"self":[{"href":"https:\/\/radiosolaris.com.br\/beta\/wp-json\/wp\/v2\/posts\/91167","targetHints":{"allow":["GET"]}}],"collection":[{"href":"https:\/\/radiosolaris.com.br\/beta\/wp-json\/wp\/v2\/posts"}],"about":[{"href":"https:\/\/radiosolaris.com.br\/beta\/wp-json\/wp\/v2\/types\/post"}],"author":[{"embeddable":true,"href":"https:\/\/radiosolaris.com.br\/beta\/wp-json\/wp\/v2\/users\/17"}],"replies":[{"embeddable":true,"href":"https:\/\/radiosolaris.com.br\/beta\/wp-json\/wp\/v2\/comments?post=91167"}],"version-history":[{"count":0,"href":"https:\/\/radiosolaris.com.br\/beta\/wp-json\/wp\/v2\/posts\/91167\/revisions"}],"wp:featuredmedia":[{"embeddable":true,"href":"https:\/\/radiosolaris.com.br\/beta\/wp-json\/wp\/v2\/media\/91168"}],"wp:attachment":[{"href":"https:\/\/radiosolaris.com.br\/beta\/wp-json\/wp\/v2\/media?parent=91167"}],"wp:term":[{"taxonomy":"category","embeddable":true,"href":"https:\/\/radiosolaris.com.br\/beta\/wp-json\/wp\/v2\/categories?post=91167"},{"taxonomy":"post_tag","embeddable":true,"href":"https:\/\/radiosolaris.com.br\/beta\/wp-json\/wp\/v2\/tags?post=91167"},{"taxonomy":"powerkit_post_featured","embeddable":true,"href":"https:\/\/radiosolaris.com.br\/beta\/wp-json\/wp\/v2\/powerkit_post_featured?post=91167"}],"curies":[{"name":"wp","href":"https:\/\/api.w.org\/{rel}","templated":true}]}}