{"id":91155,"date":"2022-10-19T16:49:11","date_gmt":"2022-10-19T19:49:11","guid":{"rendered":"https:\/\/radiosolaris.com.br\/beta\/?p=91155"},"modified":"2022-10-19T16:49:13","modified_gmt":"2022-10-19T19:49:13","slug":"categorias-de-base-da-acbf-seguem-vivas-na-competicao-gaucha","status":"publish","type":"post","link":"https:\/\/radiosolaris.com.br\/beta\/categorias-de-base-da-acbf-seguem-vivas-na-competicao-gaucha\/","title":{"rendered":"Categorias de base da ACBF seguem vivas na Competi\u00e7\u00e3o Ga\u00facha"},"content":{"rendered":"\n<h4 id=\"classificados-para-os-playoffs-equipes-sub15-sub17-e-sub20-disputam-finais-e-quarta-de-final-respectivamente\" class=\"wp-block-heading\">Classificados para os playoffs equipes, Sub15, Sub17 e Sub20 disputam finais e quarta de final, respectivamente<\/h4>\n\n\n\n<p>O Campeonato Ga\u00facho de Futsal 2022 apresenta brilhantes atua\u00e7\u00f5es.\u00a0As tr\u00eas equipes das categorias de base da ACBF prosseguem na fase eliminat\u00f3ria do Gauch\u00e3o.<\/p>\n\n\n\n<p>Envolvendo cerca de 40 atletas, as equipes de base da ACBF est\u00e3o com resultados positivos na Competi\u00e7\u00e3o Ga\u00facha. O sub-17 e sub-20 classificou em primeiro lugar na tabela geral&nbsp; e o sub-15 em quarto lugar. A divis\u00e3o \u00e9 feita por idade, nestes grupos h\u00e1 atletas entre 15 a 20 anos, compondo as categorias sub-15, sub-17 e sub-20.<\/p>\n\n\n\n<p>O Sub-15, comandado pelo t\u00e9cnico Alex Grazziotin, est\u00e1 na final da confer\u00eancia. J\u00e1 a equipe de Rafael Cunha, Sub-17, superou por 5 a 0 o AGE de Guapor\u00e9\/RS fora de casa, no primeiro jogo da decis\u00e3o de confer\u00eancia. O sub-20 de Sandro Junior segue sem nenhuma derrota na competi\u00e7\u00e3o, e est\u00e1 classificado para as quartas de final.<\/p>\n\n\n\n<figure class=\"wp-block-image size-large\"><img  decoding=\"async\"  src=\"data:image\/png;base64,iVBORw0KGgoAAAANSUhEUgAAAAEAAAABAQMAAAAl21bKAAAAA1BMVEUAAP+KeNJXAAAAAXRSTlMAQObYZgAAAAlwSFlzAAAOxAAADsQBlSsOGwAAAApJREFUCNdjYAAAAAIAAeIhvDMAAAAASUVORK5CYII=\"  alt=\"\"  class=\"wp-image-91156 pk-lazyload\"  data-pk-sizes=\"auto\"  data-pk-src=\"https:\/\/radiosolaris.com.br\/beta\/wp-content\/uploads\/2022\/10\/Legenda-3-foto-Lucka-Cyriaco-ACBF-1160x1160.jpg\" ><figcaption><strong>Equipe sub-17 da ACBF venceu a segunda partida da semifinal da confer\u00eancia<\/strong><\/figcaption><\/figure>\n\n\n\n<p>Sendo um dos grandes objetivos levantar a ta\u00e7a de campe\u00f5es do Gauch\u00e3o 2022 nas tr\u00eas categorias, os professores preparam as equipes mentalmente para a press\u00e3o dos jogos e comandam treinos coletivos realizados semanalmente no gin\u00e1sio da ACBF.<\/p>\n\n\n\n<p>Conforme aponta o Coordenador das categorias de base, Cristian Vaghetti, o plano \u00e9 coroar o grande trabalho na forma\u00e7\u00e3o de novos jogadores.\u201cO principal objetivo \u00e9 manter a hegemonia vencedora das nossas categorias de base e tamb\u00e9m formar atletas para o futuro. O almejado t\u00edtulo vir\u00e1 a coroar o grande trabalho que est\u00e1 sendo feito.\u201d<\/p>\n\n\n\n<h3 id=\"proximos-confrontos-campeonato-gaucho\" class=\"wp-block-heading\">Pr\u00f3ximos confrontos &#8211; Campeonato Ga\u00facho<\/h3>\n\n\n\n<div class=\"wp-block-group is-style-default\"><div class=\"wp-block-group__inner-container is-layout-flow wp-block-group-is-layout-flow\">\n<p class=\"cnvs-block-core-paragraph-1666208319306\"><strong>SUB-15<\/strong> Fase 4 &#8211; Primeiro jogo da final de confer\u00eancia Top Sport x ACBF Data: 19\/10\/2022 &#8211; 18h30min Local: Gin\u00e1sio Top Sport &#8211; Caxias do Sul\/RS<\/p>\n<\/div><\/div>\n\n\n\n<p><strong>SUB-17<\/strong> Fase 2 &#8211; Jogo de volta final de confer\u00eancia ACBF x AGE Data: 28\/10\/2022 &#8211; 20h (hor\u00e1rio pode sofrer altera\u00e7\u00e3o) Local: Gin\u00e1sio da ACBF Transmiss\u00e3o: Facebook e Youtube TV ACBF<\/p>\n\n\n\n<p><strong>SUB-20<\/strong> Fase 2 &#8211; Jogo de ida das quartas de final Rolante Sports x ACBF Data: 23\/10\/2022 &#8211; 18h30min Local: Gin\u00e1sio Municipal do Rio Branco, Rolante-RS<\/p>\n\n\n\n<figure class=\"wp-block-image size-large is-resized\"><img  decoding=\"async\"  src=\"data:image\/png;base64,iVBORw0KGgoAAAANSUhEUgAAAAEAAAABAQMAAAAl21bKAAAAA1BMVEUAAP+KeNJXAAAAAXRSTlMAQObYZgAAAAlwSFlzAAAOxAAADsQBlSsOGwAAAApJREFUCNdjYAAAAAIAAeIhvDMAAAAASUVORK5CYII=\"  alt=\"\"  class=\"wp-image-91158 pk-lazyload\"  width=\"653\"  data-pk-sizes=\"auto\"  data-ls-sizes=\"(max-width: 1440px) 100vw, 1440px\"  data-pk-src=\"https:\/\/radiosolaris.com.br\/beta\/wp-content\/uploads\/2022\/10\/legenda-6-foto-Lucka-Cyriaco-edited.jpg\"  data-pk-srcset=\"https:\/\/radiosolaris.com.br\/beta\/wp-content\/uploads\/2022\/10\/legenda-6-foto-Lucka-Cyriaco-edited.jpg 1440w, https:\/\/radiosolaris.com.br\/beta\/wp-content\/uploads\/2022\/10\/legenda-6-foto-Lucka-Cyriaco-edited-320x240.jpg 320w, https:\/\/radiosolaris.com.br\/beta\/wp-content\/uploads\/2022\/10\/legenda-6-foto-Lucka-Cyriaco-edited-800x600.jpg 800w, https:\/\/radiosolaris.com.br\/beta\/wp-content\/uploads\/2022\/10\/legenda-6-foto-Lucka-Cyriaco-edited-1160x870.jpg 1160w\" ><figcaption>Atletas equipe Sub-20<\/figcaption><\/figure>\n\n\n\n<p>Fotos: Lucka Cyr\u00edaco ACBF<\/p>\n","protected":false},"excerpt":{"rendered":"<p>Classificados para os playoffs equipes, Sub15, Sub17 e Sub20 disputam finais e quarta de final, respectivamente O Campeonato Ga\u00facho de Futsal 2022 apresenta brilhantes atua\u00e7\u00f5es.\u00a0As tr\u00eas equipes das categorias de&hellip;<\/p>\n","protected":false},"author":20,"featured_media":91159,"comment_status":"closed","ping_status":"closed","sticky":false,"template":"","format":"standard","meta":{"_lmt_disableupdate":"","_lmt_disable":"","footnotes":""},"categories":[92],"tags":[494,14617,14616],"powerkit_post_featured":[],"class_list":{"0":"post-91155","1":"post","2":"type-post","3":"status-publish","4":"format-standard","5":"has-post-thumbnail","7":"category-esporte","8":"tag-acbf","9":"tag-categoria-de-base","10":"tag-competicao-gaucha"},"modified_by":"Gustavo Zanotto","_links":{"self":[{"href":"https:\/\/radiosolaris.com.br\/beta\/wp-json\/wp\/v2\/posts\/91155","targetHints":{"allow":["GET"]}}],"collection":[{"href":"https:\/\/radiosolaris.com.br\/beta\/wp-json\/wp\/v2\/posts"}],"about":[{"href":"https:\/\/radiosolaris.com.br\/beta\/wp-json\/wp\/v2\/types\/post"}],"author":[{"embeddable":true,"href":"https:\/\/radiosolaris.com.br\/beta\/wp-json\/wp\/v2\/users\/20"}],"replies":[{"embeddable":true,"href":"https:\/\/radiosolaris.com.br\/beta\/wp-json\/wp\/v2\/comments?post=91155"}],"version-history":[{"count":0,"href":"https:\/\/radiosolaris.com.br\/beta\/wp-json\/wp\/v2\/posts\/91155\/revisions"}],"wp:featuredmedia":[{"embeddable":true,"href":"https:\/\/radiosolaris.com.br\/beta\/wp-json\/wp\/v2\/media\/91159"}],"wp:attachment":[{"href":"https:\/\/radiosolaris.com.br\/beta\/wp-json\/wp\/v2\/media?parent=91155"}],"wp:term":[{"taxonomy":"category","embeddable":true,"href":"https:\/\/radiosolaris.com.br\/beta\/wp-json\/wp\/v2\/categories?post=91155"},{"taxonomy":"post_tag","embeddable":true,"href":"https:\/\/radiosolaris.com.br\/beta\/wp-json\/wp\/v2\/tags?post=91155"},{"taxonomy":"powerkit_post_featured","embeddable":true,"href":"https:\/\/radiosolaris.com.br\/beta\/wp-json\/wp\/v2\/powerkit_post_featured?post=91155"}],"curies":[{"name":"wp","href":"https:\/\/api.w.org\/{rel}","templated":true}]}}