{"id":91140,"date":"2022-10-19T13:58:12","date_gmt":"2022-10-19T16:58:12","guid":{"rendered":"https:\/\/radiosolaris.com.br\/beta\/?p=91140"},"modified":"2022-10-19T13:58:14","modified_gmt":"2022-10-19T16:58:14","slug":"projeto-casa-livre-de-dengue-de-protasio-alves-e-apresentado-em-mostra-regional","status":"publish","type":"post","link":"https:\/\/radiosolaris.com.br\/beta\/projeto-casa-livre-de-dengue-de-protasio-alves-e-apresentado-em-mostra-regional\/","title":{"rendered":"Projeto Casa Livre de Dengue de Prot\u00e1sio Alves \u00e9 apresentado em Mostra Regional"},"content":{"rendered":"\n<h4 id=\"a-enfermeira-priscila-capoani-e-agente-de-endemias-jordana-castanha-representaram-o-municipio\" class=\"wp-block-heading\">A enfermeira, Priscila Capoani e agente de endemias, Jordana Castanha, representaram o munic\u00edpio<\/h4>\n\n\n\n<p>Na \u00faltima ter\u00e7a-feira (18), aconteceu em Bento Gon\u00e7alves, a Mostra Regional de Experi\u00eancias Exitosas em Sa\u00fade da Regi\u00e3o 25 &#8211; &nbsp;Vinhedos e Basalto.<\/p>\n\n\n\n<p>Durante o evento o munic\u00edpio de Prot\u00e1sio Alves foi representado pela enfermeira, Priscila Capoani e a agente de endemias, Jordana Castanha, que apresentaram o projeto Casa Livre de Dengue, projeto iniciado em junho de 2022, com visita da agente de endemias e das agentes de sa\u00fade a im\u00f3veis p\u00fablicos e privados para apresentar o projeto.<\/p>\n\n\n\n<p>A a\u00e7\u00e3o apresentada contou com palestras, checklist dos im\u00f3veis, premia\u00e7\u00f5es, ped\u00e1gio e distribui\u00e7\u00e3o de mudas de citronela, arbusto que repele naturalmente o Aedes aegypti, mosquito que transmite a dengue e outras doen\u00e7as, al\u00e9m de cursos para produzir o repelente.<\/p>\n\n\n\n<p>Para a enfermeira a amostra foi muito proveitosa. \u201cConseguimos passar informa\u00e7\u00f5es importantes sobre nosso projeto que ser\u00e1 refer\u00eancia aos demais participantes e conhecemos outros que poder\u00e3o ser aplicados em Prot\u00e1sio Alves.\u201d<\/p>\n","protected":false},"excerpt":{"rendered":"<p>A enfermeira, Priscila Capoani e agente de endemias, Jordana Castanha, representaram o munic\u00edpio Na \u00faltima ter\u00e7a-feira (18), aconteceu em Bento Gon\u00e7alves, a Mostra Regional de Experi\u00eancias Exitosas em Sa\u00fade da&hellip;<\/p>\n","protected":false},"author":20,"featured_media":91141,"comment_status":"closed","ping_status":"closed","sticky":false,"template":"","format":"standard","meta":{"_lmt_disableupdate":"","_lmt_disable":"","footnotes":""},"categories":[1855],"tags":[699,14612,170],"powerkit_post_featured":[],"class_list":{"0":"post-91140","1":"post","2":"type-post","3":"status-publish","4":"format-standard","5":"has-post-thumbnail","7":"category-saude","8":"tag-dengue","9":"tag-mostra-regional","10":"tag-protasio-alves-2"},"modified_by":"Gustavo Zanotto","_links":{"self":[{"href":"https:\/\/radiosolaris.com.br\/beta\/wp-json\/wp\/v2\/posts\/91140","targetHints":{"allow":["GET"]}}],"collection":[{"href":"https:\/\/radiosolaris.com.br\/beta\/wp-json\/wp\/v2\/posts"}],"about":[{"href":"https:\/\/radiosolaris.com.br\/beta\/wp-json\/wp\/v2\/types\/post"}],"author":[{"embeddable":true,"href":"https:\/\/radiosolaris.com.br\/beta\/wp-json\/wp\/v2\/users\/20"}],"replies":[{"embeddable":true,"href":"https:\/\/radiosolaris.com.br\/beta\/wp-json\/wp\/v2\/comments?post=91140"}],"version-history":[{"count":0,"href":"https:\/\/radiosolaris.com.br\/beta\/wp-json\/wp\/v2\/posts\/91140\/revisions"}],"wp:featuredmedia":[{"embeddable":true,"href":"https:\/\/radiosolaris.com.br\/beta\/wp-json\/wp\/v2\/media\/91141"}],"wp:attachment":[{"href":"https:\/\/radiosolaris.com.br\/beta\/wp-json\/wp\/v2\/media?parent=91140"}],"wp:term":[{"taxonomy":"category","embeddable":true,"href":"https:\/\/radiosolaris.com.br\/beta\/wp-json\/wp\/v2\/categories?post=91140"},{"taxonomy":"post_tag","embeddable":true,"href":"https:\/\/radiosolaris.com.br\/beta\/wp-json\/wp\/v2\/tags?post=91140"},{"taxonomy":"powerkit_post_featured","embeddable":true,"href":"https:\/\/radiosolaris.com.br\/beta\/wp-json\/wp\/v2\/powerkit_post_featured?post=91140"}],"curies":[{"name":"wp","href":"https:\/\/api.w.org\/{rel}","templated":true}]}}