{"id":91101,"date":"2022-10-19T07:35:52","date_gmt":"2022-10-19T10:35:52","guid":{"rendered":"https:\/\/radiosolaris.com.br\/beta\/?p=91101"},"modified":"2022-10-19T07:35:54","modified_gmt":"2022-10-19T10:35:54","slug":"nova-sinalizacao-altera-transito-na-rua-julio-de-castilhos-em-flores-da-cunha","status":"publish","type":"post","link":"https:\/\/radiosolaris.com.br\/beta\/nova-sinalizacao-altera-transito-na-rua-julio-de-castilhos-em-flores-da-cunha\/","title":{"rendered":"Nova sinaliza\u00e7\u00e3o altera tr\u00e2nsito na Rua J\u00falio de Castilhos em Flores da Cunha"},"content":{"rendered":"\n<h4 id=\"motoristas-que-transitam-do-bairro-sao-jose-no-sentido-centro-pela-julio-de-castilhos-terao-de-parar-no-entroncamento-entre-as-ruas-don-finotte-e-pedro-soldatelli\" class=\"wp-block-heading\">Motoristas que transitam do bairro S\u00e3o Jos\u00e9, no sentido Centro pela J\u00falio de Castilhos, ter\u00e3o de parar no entroncamento entre as ruas Don Finotte e Pedro Soldatelli<\/h4>\n\n\n\n<p>Os motoristas que transitam pela Rua J\u00falio de Castilhos, esquina entre as ruas Don Finotte e Pedro Soldatelli, devem redobrar a aten\u00e7\u00e3o. Com o processo de cura do asfalto finalizado, os servi\u00e7os de sinaliza\u00e7\u00e3o horizontal e vertical iniciaram na \u00faltima semana e alteraram a preferencial da via.<\/p>\n\n\n\n<p>Quem segue pela J\u00falio de Castilhos e acessa a Pedro Soldatelli (sentido ao bairro Nova Roma), ou faz o trajeto inverso, agora passa a trafegar na preferencial. Com esta mudan\u00e7a, os ve\u00edculos que v\u00eam do bairro S\u00e3o Jos\u00e9 pela J\u00falio de Castilhos em dire\u00e7\u00e3o ao sentido Centro, ter\u00e3o de parar neste entroncamento.<\/p>\n\n\n\n<p>Antes desta \u00faltima fase dos trabalhos, a Secretaria de Obras e Servi\u00e7os P\u00fablicos realizou a substitui\u00e7\u00e3o de toda a rede de drenagem pluvial e cloacal para, em seguida, o trecho de 620 metros receber a pavimenta\u00e7\u00e3o asf\u00e1ltica.<\/p>\n\n\n\n<p><\/p>\n\n\n\n<figure class=\"wp-block-image size-full\"><img  loading=\"lazy\"  decoding=\"async\"  width=\"800\"  height=\"531\"  src=\"data:image\/png;base64,iVBORw0KGgoAAAANSUhEUgAAAAEAAAABAQMAAAAl21bKAAAAA1BMVEUAAP+KeNJXAAAAAXRSTlMAQObYZgAAAAlwSFlzAAAOxAAADsQBlSsOGwAAAApJREFUCNdjYAAAAAIAAeIhvDMAAAAASUVORK5CYII=\"  alt=\"\"  class=\"wp-image-91102 pk-lazyload\"  data-pk-sizes=\"auto\"  data-pk-src=\"https:\/\/radiosolaris.com.br\/beta\/wp-content\/uploads\/2022\/10\/20221018164301.jpg\" ><figcaption>Quem vem do bairro S\u00e3o Jos\u00e9 em dire\u00e7\u00e3o ao Centro precisa parar neste entroncamento\/foto: divulga\u00e7\u00e3o<\/figcaption><\/figure>\n","protected":false},"excerpt":{"rendered":"<p>Motoristas que transitam do bairro S\u00e3o Jos\u00e9, no sentido Centro pela J\u00falio de Castilhos, ter\u00e3o de parar no entroncamento entre as ruas Don Finotte e Pedro Soldatelli Os motoristas que&hellip;<\/p>\n","protected":false},"author":19,"featured_media":91103,"comment_status":"closed","ping_status":"closed","sticky":false,"template":"","format":"standard","meta":{"_lmt_disableupdate":"","_lmt_disable":"","footnotes":""},"categories":[14235],"tags":[14599,114,691,283,351],"powerkit_post_featured":[],"class_list":{"0":"post-91101","1":"post","2":"type-post","3":"status-publish","4":"format-standard","5":"has-post-thumbnail","7":"category-transito","8":"tag-alteracao-de-sinalizacao","9":"tag-flores-da-cunha","10":"tag-obras","11":"tag-serra-gaucha","12":"tag-transito"},"modified_by":"Luciano Pettorini","_links":{"self":[{"href":"https:\/\/radiosolaris.com.br\/beta\/wp-json\/wp\/v2\/posts\/91101","targetHints":{"allow":["GET"]}}],"collection":[{"href":"https:\/\/radiosolaris.com.br\/beta\/wp-json\/wp\/v2\/posts"}],"about":[{"href":"https:\/\/radiosolaris.com.br\/beta\/wp-json\/wp\/v2\/types\/post"}],"author":[{"embeddable":true,"href":"https:\/\/radiosolaris.com.br\/beta\/wp-json\/wp\/v2\/users\/19"}],"replies":[{"embeddable":true,"href":"https:\/\/radiosolaris.com.br\/beta\/wp-json\/wp\/v2\/comments?post=91101"}],"version-history":[{"count":0,"href":"https:\/\/radiosolaris.com.br\/beta\/wp-json\/wp\/v2\/posts\/91101\/revisions"}],"wp:featuredmedia":[{"embeddable":true,"href":"https:\/\/radiosolaris.com.br\/beta\/wp-json\/wp\/v2\/media\/91103"}],"wp:attachment":[{"href":"https:\/\/radiosolaris.com.br\/beta\/wp-json\/wp\/v2\/media?parent=91101"}],"wp:term":[{"taxonomy":"category","embeddable":true,"href":"https:\/\/radiosolaris.com.br\/beta\/wp-json\/wp\/v2\/categories?post=91101"},{"taxonomy":"post_tag","embeddable":true,"href":"https:\/\/radiosolaris.com.br\/beta\/wp-json\/wp\/v2\/tags?post=91101"},{"taxonomy":"powerkit_post_featured","embeddable":true,"href":"https:\/\/radiosolaris.com.br\/beta\/wp-json\/wp\/v2\/powerkit_post_featured?post=91101"}],"curies":[{"name":"wp","href":"https:\/\/api.w.org\/{rel}","templated":true}]}}