{"id":91099,"date":"2022-10-19T07:04:35","date_gmt":"2022-10-19T10:04:35","guid":{"rendered":"https:\/\/radiosolaris.com.br\/beta\/?p=91099"},"modified":"2022-10-19T07:04:38","modified_gmt":"2022-10-19T10:04:38","slug":"coleta-de-lixo-eletronico-em-antonio-prado-acontece-na-proxima-semana","status":"publish","type":"post","link":"https:\/\/radiosolaris.com.br\/beta\/coleta-de-lixo-eletronico-em-antonio-prado-acontece-na-proxima-semana\/","title":{"rendered":"Coleta de lixo eletr\u00f4nico em Ant\u00f4nio Prado acontece na pr\u00f3xima semana"},"content":{"rendered":"\n<h4 id=\"a-coleta-sera-no-dia-25-de-outubro\" class=\"wp-block-heading\">A coleta ser\u00e1 no dia 25 de outubro<\/h4>\n\n\n\n<p>A Secretaria da Agricultura e Meio Ambiente, comunica que ser\u00e1 feita a coleta de material eletr\u00f4nico no dia 25 de outubro, no endere\u00e7o da Secretaria, local do antigo F\u00f3rum e ao lado da escola Interativa, no per\u00edodo das 9h \u00e0s 17h.<\/p>\n\n\n\n<p>Ser\u00e3o recebidos os seguintes materiais: batedeiras, cafeteiras, aquecedores, ventiladores, fornos el\u00e9tricos, micro-ondas, aparelhos de telefone (fixo e m\u00f3vel), c\u00e2meras fotogr\u00e1ficas, espremedores de frutas, eletrodom\u00e9sticos de porte pequeno, televisores, r\u00e1dios, computadores, monitores, fax, impressoras entre outros.<\/p>\n\n\n\n<p>Pilhas podem ser descartadas junto aos totens existentes no pr\u00e9dio da prefeitura e na Secretaria da agricultura gentilmente disponibilizados pelo Sicoob.<\/p>\n\n\n\n<p>A Secretaria solicita a colabora\u00e7\u00e3o de todos para que a entrega ocorra somente na data informada.<\/p>\n\n\n\n<p>Lembrando que n\u00e3o ser\u00e3o recebidos cartuchos de toner e l\u00e2mpadas.<\/p>\n","protected":false},"excerpt":{"rendered":"<p>A coleta ser\u00e1 no dia 25 de outubro A Secretaria da Agricultura e Meio Ambiente, comunica que ser\u00e1 feita a coleta de material eletr\u00f4nico no dia 25 de outubro, no&hellip;<\/p>\n","protected":false},"author":20,"featured_media":63226,"comment_status":"closed","ping_status":"closed","sticky":false,"template":"","format":"standard","meta":{"_lmt_disableupdate":"","_lmt_disable":"","footnotes":""},"categories":[87],"tags":[143,14598],"powerkit_post_featured":[],"class_list":{"0":"post-91099","1":"post","2":"type-post","3":"status-publish","4":"format-standard","5":"has-post-thumbnail","7":"category-avisos","8":"tag-antonio-prado","9":"tag-coleta-de-lixo-eletronico"},"modified_by":"Gustavo Zanotto","_links":{"self":[{"href":"https:\/\/radiosolaris.com.br\/beta\/wp-json\/wp\/v2\/posts\/91099","targetHints":{"allow":["GET"]}}],"collection":[{"href":"https:\/\/radiosolaris.com.br\/beta\/wp-json\/wp\/v2\/posts"}],"about":[{"href":"https:\/\/radiosolaris.com.br\/beta\/wp-json\/wp\/v2\/types\/post"}],"author":[{"embeddable":true,"href":"https:\/\/radiosolaris.com.br\/beta\/wp-json\/wp\/v2\/users\/20"}],"replies":[{"embeddable":true,"href":"https:\/\/radiosolaris.com.br\/beta\/wp-json\/wp\/v2\/comments?post=91099"}],"version-history":[{"count":0,"href":"https:\/\/radiosolaris.com.br\/beta\/wp-json\/wp\/v2\/posts\/91099\/revisions"}],"wp:featuredmedia":[{"embeddable":true,"href":"https:\/\/radiosolaris.com.br\/beta\/wp-json\/wp\/v2\/media\/63226"}],"wp:attachment":[{"href":"https:\/\/radiosolaris.com.br\/beta\/wp-json\/wp\/v2\/media?parent=91099"}],"wp:term":[{"taxonomy":"category","embeddable":true,"href":"https:\/\/radiosolaris.com.br\/beta\/wp-json\/wp\/v2\/categories?post=91099"},{"taxonomy":"post_tag","embeddable":true,"href":"https:\/\/radiosolaris.com.br\/beta\/wp-json\/wp\/v2\/tags?post=91099"},{"taxonomy":"powerkit_post_featured","embeddable":true,"href":"https:\/\/radiosolaris.com.br\/beta\/wp-json\/wp\/v2\/powerkit_post_featured?post=91099"}],"curies":[{"name":"wp","href":"https:\/\/api.w.org\/{rel}","templated":true}]}}