{"id":91064,"date":"2022-10-18T14:28:02","date_gmt":"2022-10-18T17:28:02","guid":{"rendered":"https:\/\/radiosolaris.com.br\/beta\/?p=91064"},"modified":"2022-10-19T10:14:14","modified_gmt":"2022-10-19T13:14:14","slug":"s10-capota-as-margens-da-ers-122-enquanto-seguia-sentido-vacaria","status":"publish","type":"post","link":"https:\/\/radiosolaris.com.br\/beta\/s10-capota-as-margens-da-ers-122-enquanto-seguia-sentido-vacaria\/","title":{"rendered":"S10 capota as margens da ERS-122 enquanto seguia sentido Vacaria"},"content":{"rendered":"\n<h4 id=\"acidente-aconteceu-na-manha-desta-terca-feira-18\" class=\"wp-block-heading\">Acidente aconteceu na manh\u00e3 desta ter\u00e7a-feira (18)<\/h4>\n\n\n\n<p>Na manh\u00e3 desta ter\u00e7a-feira(18), por volta das 10h, um ve\u00edculo S10 movido a g\u00e1s, que seguia pela ERS-122 no sentido Ant\u00f4nio Prado &#8211; Vacaria, acabou perdendo e controle e capotando as margens da rodovia.<\/p>\n\n\n\n<p>O Corpo de Bombeiros Volunt\u00e1rios de Ant\u00f4nio Prado foi acionado para atender a ocorr\u00eancia, e encontrou o ve\u00edculo tombado no KM 137. O motorista n\u00e3o teve ferimentos.<\/p>\n\n\n\n<p>Fonte: Corpo de Bombeiros Volunt\u00e1rios de Ant\u00f4nio Prado<\/p>\n","protected":false},"excerpt":{"rendered":"<p>Acidente aconteceu na manh\u00e3 desta ter\u00e7a-feira (18) Na manh\u00e3 desta ter\u00e7a-feira(18), por volta das 10h, um ve\u00edculo S10 movido a g\u00e1s, que seguia pela ERS-122 no sentido Ant\u00f4nio Prado &#8211;&hellip;<\/p>\n","protected":false},"author":20,"featured_media":91065,"comment_status":"closed","ping_status":"closed","sticky":false,"template":"","format":"standard","meta":{"_lmt_disableupdate":"","_lmt_disable":"","footnotes":""},"categories":[14235],"tags":[143,2479,628],"powerkit_post_featured":[],"class_list":{"0":"post-91064","1":"post","2":"type-post","3":"status-publish","4":"format-standard","5":"has-post-thumbnail","7":"category-transito","8":"tag-antonio-prado","9":"tag-capotamento","10":"tag-vacaria"},"modified_by":"Gustavo Zanotto","_links":{"self":[{"href":"https:\/\/radiosolaris.com.br\/beta\/wp-json\/wp\/v2\/posts\/91064","targetHints":{"allow":["GET"]}}],"collection":[{"href":"https:\/\/radiosolaris.com.br\/beta\/wp-json\/wp\/v2\/posts"}],"about":[{"href":"https:\/\/radiosolaris.com.br\/beta\/wp-json\/wp\/v2\/types\/post"}],"author":[{"embeddable":true,"href":"https:\/\/radiosolaris.com.br\/beta\/wp-json\/wp\/v2\/users\/20"}],"replies":[{"embeddable":true,"href":"https:\/\/radiosolaris.com.br\/beta\/wp-json\/wp\/v2\/comments?post=91064"}],"version-history":[{"count":0,"href":"https:\/\/radiosolaris.com.br\/beta\/wp-json\/wp\/v2\/posts\/91064\/revisions"}],"wp:featuredmedia":[{"embeddable":true,"href":"https:\/\/radiosolaris.com.br\/beta\/wp-json\/wp\/v2\/media\/91065"}],"wp:attachment":[{"href":"https:\/\/radiosolaris.com.br\/beta\/wp-json\/wp\/v2\/media?parent=91064"}],"wp:term":[{"taxonomy":"category","embeddable":true,"href":"https:\/\/radiosolaris.com.br\/beta\/wp-json\/wp\/v2\/categories?post=91064"},{"taxonomy":"post_tag","embeddable":true,"href":"https:\/\/radiosolaris.com.br\/beta\/wp-json\/wp\/v2\/tags?post=91064"},{"taxonomy":"powerkit_post_featured","embeddable":true,"href":"https:\/\/radiosolaris.com.br\/beta\/wp-json\/wp\/v2\/powerkit_post_featured?post=91064"}],"curies":[{"name":"wp","href":"https:\/\/api.w.org\/{rel}","templated":true}]}}