{"id":91061,"date":"2022-10-18T14:36:02","date_gmt":"2022-10-18T17:36:02","guid":{"rendered":"https:\/\/radiosolaris.com.br\/beta\/?p=91061"},"modified":"2022-10-18T15:04:15","modified_gmt":"2022-10-18T18:04:15","slug":"identificado-homem-morto-a-tiros-dentro-de-residencia-na-ers-122-em-antonio-prado","status":"publish","type":"post","link":"https:\/\/radiosolaris.com.br\/beta\/identificado-homem-morto-a-tiros-dentro-de-residencia-na-ers-122-em-antonio-prado\/","title":{"rendered":"Identificado homem morto a tiros dentro de resid\u00eancia na ERS-122, em Ant\u00f4nio Prado"},"content":{"rendered":"\n<h4 id=\"derlei-perin-sikorski-estava-no-quarto-dormindo-quando-tres-criminosos-invadiram-a-casa-e-dispararam-contra-ele\" class=\"wp-block-heading\">Derlei Perin Sikorski estava no quarto dormindo, quando tr\u00eas criminosos invadiram a casa e dispararam contra ele<\/h4>\n\n\n\n<p>Foi identificado como Derlei Perin Sikorski , de 27 anos, o homem morto a tiros na manh\u00e3 desta ter\u00e7a-feira (18), dentro de uma resid\u00eancia em Ant\u00f4nio Prado. A ocorr\u00eancia foi registrada por volta das 5h30min, no km 116 da ERS-122, na Vila S\u00e3o Jo\u00e3o, nas proximidades do Restaurante do Zeca.<\/p>\n\n\n\n<p>Conforme informa\u00e7\u00f5es repassadas pela Brigada Militar (BM) de Flores da Cunha, ao qual atendeu a ocorr\u00eancia, tr\u00eas indiv\u00edduos teriam colidido com um Volkswagen Voyage contra uma \u00e1rvore nas imedia\u00e7\u00f5es da resid\u00eancia. Ap\u00f3s, os criminosos arrombaram a porta da casa, invadiram um dos quartos e dispararam contra Derlei, que estava na cama dormindo.<\/p>\n\n\n\n<p>Na sequ\u00eancia, o trio fugiu do local em um Volkswagen Fox. Nenhum pertence da v\u00edtima foi levado. O irm\u00e3o da v\u00edtima, que estava no quarto ao lado, n\u00e3o foi atingido.<\/p>\n\n\n\n<p>O Servi\u00e7o de Atendimento M\u00f3vel de Urg\u00eancia (Samu) e o Corpo de Bombeiros Volunt\u00e1rios de Ant\u00f4nio Prado foram acionados, mas quando chegaram ao local, o homem j\u00e1 havia morrido. As circunst\u00e2ncias do crime devem ser investigadas.<\/p>\n","protected":false},"excerpt":{"rendered":"<p>Derlei Perin Sikorski estava no quarto dormindo, quando tr\u00eas criminosos invadiram a casa e dispararam contra ele Foi identificado como Derlei Perin Sikorski , de 27 anos, o homem morto&hellip;<\/p>\n","protected":false},"author":16,"featured_media":91069,"comment_status":"closed","ping_status":"closed","sticky":false,"template":"","format":"standard","meta":{"_lmt_disableupdate":"","_lmt_disable":"","footnotes":""},"categories":[14234],"tags":[143,247,158,522,114,1865,14593,5599,283,14594],"powerkit_post_featured":[],"class_list":{"0":"post-91061","1":"post","2":"type-post","3":"status-publish","4":"format-standard","5":"has-post-thumbnail","7":"category-seguranca","8":"tag-antonio-prado","9":"tag-brigada-militar","10":"tag-crime","11":"tag-ers-122-2","12":"tag-flores-da-cunha","13":"tag-homicidio-2","14":"tag-homicidio-em-antonio-prado","15":"tag-restaurante-do-zeca","16":"tag-serra-gaucha","17":"tag-vila-sao-joao"},"modified_by":"Bruna Picinini","_links":{"self":[{"href":"https:\/\/radiosolaris.com.br\/beta\/wp-json\/wp\/v2\/posts\/91061","targetHints":{"allow":["GET"]}}],"collection":[{"href":"https:\/\/radiosolaris.com.br\/beta\/wp-json\/wp\/v2\/posts"}],"about":[{"href":"https:\/\/radiosolaris.com.br\/beta\/wp-json\/wp\/v2\/types\/post"}],"author":[{"embeddable":true,"href":"https:\/\/radiosolaris.com.br\/beta\/wp-json\/wp\/v2\/users\/16"}],"replies":[{"embeddable":true,"href":"https:\/\/radiosolaris.com.br\/beta\/wp-json\/wp\/v2\/comments?post=91061"}],"version-history":[{"count":0,"href":"https:\/\/radiosolaris.com.br\/beta\/wp-json\/wp\/v2\/posts\/91061\/revisions"}],"wp:featuredmedia":[{"embeddable":true,"href":"https:\/\/radiosolaris.com.br\/beta\/wp-json\/wp\/v2\/media\/91069"}],"wp:attachment":[{"href":"https:\/\/radiosolaris.com.br\/beta\/wp-json\/wp\/v2\/media?parent=91061"}],"wp:term":[{"taxonomy":"category","embeddable":true,"href":"https:\/\/radiosolaris.com.br\/beta\/wp-json\/wp\/v2\/categories?post=91061"},{"taxonomy":"post_tag","embeddable":true,"href":"https:\/\/radiosolaris.com.br\/beta\/wp-json\/wp\/v2\/tags?post=91061"},{"taxonomy":"powerkit_post_featured","embeddable":true,"href":"https:\/\/radiosolaris.com.br\/beta\/wp-json\/wp\/v2\/powerkit_post_featured?post=91061"}],"curies":[{"name":"wp","href":"https:\/\/api.w.org\/{rel}","templated":true}]}}