{"id":91020,"date":"2022-10-18T09:25:05","date_gmt":"2022-10-18T12:25:05","guid":{"rendered":"https:\/\/radiosolaris.com.br\/beta\/?p=91020"},"modified":"2022-10-18T09:25:07","modified_gmt":"2022-10-18T12:25:07","slug":"homem-e-encontrado-morto-dentro-de-casa-em-caxias-do-sul-2","status":"publish","type":"post","link":"https:\/\/radiosolaris.com.br\/beta\/homem-e-encontrado-morto-dentro-de-casa-em-caxias-do-sul-2\/","title":{"rendered":"Homem \u00e9 encontrado morto dentro de casa em Caxias do Sul"},"content":{"rendered":"\n<h4 id=\"corpo-de-joel-pereira-e-silva-de-48-anos-estava-em-avancado-estado-de-decomposicao\" class=\"wp-block-heading\">Corpo de Joel Pereira e Silva, de 48 anos, estava em avan\u00e7ado estado de decomposi\u00e7\u00e3o<\/h4>\n\n\n\n<p>Um homem identificado como Joel Pereira e Silva, de 48 anos, foi encontrado morto dentro de casa, na rua Carlos Machado Bitencourt, no bairro Santa F\u00e9, em Caxias.<\/p>\n\n\n\n<p>Familiares encontraram o corpo em avan\u00e7ado estado de decomposi\u00e7\u00e3o, no come\u00e7o da madrugada desta ter\u00e7a-feira (18). De acordo com relato das testemunhas, o cheiro no local era muito forte.<\/p>\n\n\n\n<p>A Pol\u00edcia Civil investiga as causas da morte. Uma das hip\u00f3teses \u00e9 de morte natural. A necropsia deve apontar as circunst\u00e2ncias do \u00f3bito.<\/p>\n\n\n\n<figure class=\"wp-block-image size-large\"><img  loading=\"lazy\"  decoding=\"async\"  width=\"1160\"  height=\"870\"  src=\"data:image\/png;base64,iVBORw0KGgoAAAANSUhEUgAABIgAAANmAQMAAACrCyL8AAAAA1BMVEUAAP+KeNJXAAAAAXRSTlMAQObYZgAAAAlwSFlzAAAOxAAADsQBlSsOGwAAAJJJREFUeNrtwTEBAAAAwqD1T20JT6AAAAAAAAAAAAAAAAAAAAAAAAAAAAAAAAAAAAAAAAAAAAAAAAAAAAAAAAAAAAAAAAAAAAAAAAAAAAAAAAAAAAAAAAAAAAAAAAAAAAAAAAAAAAAAAAAAAAAAAAAAAAAAAAAAAAAAAAAAAAAAAAAAAAAAAAAAAAAAAAAAAAD+BvA7AAGTZkFsAAAAAElFTkSuQmCC\"  alt=\"\"  class=\"wp-image-84844 pk-lazyload\"  data-pk-sizes=\"auto\"  data-ls-sizes=\"auto, (max-width: 1160px) 100vw, 1160px\"  data-pk-src=\"https:\/\/radiosolaris.com.br\/beta\/wp-content\/uploads\/2022\/07\/Policia-Civil-novas-8-scaled-1160x870.jpeg\"  data-pk-srcset=\"https:\/\/radiosolaris.com.br\/beta\/wp-content\/uploads\/2022\/07\/Policia-Civil-novas-8-scaled-1160x870.jpeg 1160w, https:\/\/radiosolaris.com.br\/beta\/wp-content\/uploads\/2022\/07\/Policia-Civil-novas-8-scaled-800x600.jpeg 800w, https:\/\/radiosolaris.com.br\/beta\/wp-content\/uploads\/2022\/07\/Policia-Civil-novas-8.jpeg 1280w\" ><\/figure>\n\n\n\n<p><\/p>\n\n\n\n<p><\/p>\n","protected":false},"excerpt":{"rendered":"<p>Corpo de Joel Pereira e Silva, de 48 anos, estava em avan\u00e7ado estado de decomposi\u00e7\u00e3o Um homem identificado como Joel Pereira e Silva, de 48 anos, foi encontrado morto dentro&hellip;<\/p>\n","protected":false},"author":19,"featured_media":0,"comment_status":"closed","ping_status":"closed","sticky":false,"template":"","format":"standard","meta":{"_lmt_disableupdate":"","_lmt_disable":"","footnotes":""},"categories":[14234],"tags":[4418,148,14590,222,283],"powerkit_post_featured":[],"class_list":{"0":"post-91020","1":"post","2":"type-post","3":"status-publish","4":"format-standard","6":"category-seguranca","7":"tag-bairro-santa-fe","8":"tag-caxias-do-sul","9":"tag-corpo-encontrado","10":"tag-morte","11":"tag-serra-gaucha"},"modified_by":"Luciano Pettorini","_links":{"self":[{"href":"https:\/\/radiosolaris.com.br\/beta\/wp-json\/wp\/v2\/posts\/91020","targetHints":{"allow":["GET"]}}],"collection":[{"href":"https:\/\/radiosolaris.com.br\/beta\/wp-json\/wp\/v2\/posts"}],"about":[{"href":"https:\/\/radiosolaris.com.br\/beta\/wp-json\/wp\/v2\/types\/post"}],"author":[{"embeddable":true,"href":"https:\/\/radiosolaris.com.br\/beta\/wp-json\/wp\/v2\/users\/19"}],"replies":[{"embeddable":true,"href":"https:\/\/radiosolaris.com.br\/beta\/wp-json\/wp\/v2\/comments?post=91020"}],"version-history":[{"count":0,"href":"https:\/\/radiosolaris.com.br\/beta\/wp-json\/wp\/v2\/posts\/91020\/revisions"}],"wp:attachment":[{"href":"https:\/\/radiosolaris.com.br\/beta\/wp-json\/wp\/v2\/media?parent=91020"}],"wp:term":[{"taxonomy":"category","embeddable":true,"href":"https:\/\/radiosolaris.com.br\/beta\/wp-json\/wp\/v2\/categories?post=91020"},{"taxonomy":"post_tag","embeddable":true,"href":"https:\/\/radiosolaris.com.br\/beta\/wp-json\/wp\/v2\/tags?post=91020"},{"taxonomy":"powerkit_post_featured","embeddable":true,"href":"https:\/\/radiosolaris.com.br\/beta\/wp-json\/wp\/v2\/powerkit_post_featured?post=91020"}],"curies":[{"name":"wp","href":"https:\/\/api.w.org\/{rel}","templated":true}]}}