{"id":91008,"date":"2022-10-18T08:02:03","date_gmt":"2022-10-18T11:02:03","guid":{"rendered":"https:\/\/radiosolaris.com.br\/beta\/?p=91008"},"modified":"2022-10-18T08:02:06","modified_gmt":"2022-10-18T11:02:06","slug":"homem-e-preso-pela-brigada-militar-de-farroupilha-logo-apos-cometer-roubo-em-estabelecimento-comercial","status":"publish","type":"post","link":"https:\/\/radiosolaris.com.br\/beta\/homem-e-preso-pela-brigada-militar-de-farroupilha-logo-apos-cometer-roubo-em-estabelecimento-comercial\/","title":{"rendered":"Homem \u00e9 preso pela Brigada Militar de Farroupilha logo ap\u00f3s cometer roubo em estabelecimento comercial"},"content":{"rendered":"\n<h4 id=\"ladrao-roubou-r-176-do-caixa-e-ainda-o-celular-de-uma-cliente-que-estava-na-loja\" class=\"wp-block-heading\">Ladr\u00e3o roubou R$ 176 do caixa e ainda o celular de uma cliente que estava na loja<\/h4>\n\n\n\n<p>Um homem de 23 anos foi preso por roubo em estabelecimento comercial em Farroupilha. O fato foi registrado por volta das 17h20min desta segunda-feira (17), na rua J\u00falio de Castilhos, no Centro da Cidade.<\/p>\n\n\n\n<p>De acordo com a Brigada Militar (BM), o indiv\u00edduo preso possui antecedentes por les\u00e3o corporal, viola\u00e7\u00e3o de domic\u00edlio, furto de ve\u00edculo e furto qualificado. A propriet\u00e1ria da loja informou que o rapaz, vestindo cal\u00e7a jeans e blusa e usando m\u00e1scara, entrou na loja e anunciou o assalto, foi at\u00e9 o caixa e pegou R$ 176,00. Ap\u00f3s isso, foi em dire\u00e7\u00e3o a uma cliente, pegando de suas m\u00e3os seu celular Samsung.<\/p>\n\n\n\n<p>Ainda segundo a BM, com o apoio dos policiais militares da se\u00e7\u00e3o de intelig\u00eancia, foi poss\u00edvel identificar o autor. O mesmo estava indo em dire\u00e7\u00e3o a sua casa. Ele foi preso e conduzido \u00e0 Delegacia de Pol\u00edcia. O acusado foi reconhecido pelas v\u00edtimas como sendo o autor do roubo.<\/p>\n\n\n\n<p>Foto: Brigada Militar<\/p>\n","protected":false},"excerpt":{"rendered":"<p>Ladr\u00e3o roubou R$ 176 do caixa e ainda o celular de uma cliente que estava na loja Um homem de 23 anos foi preso por roubo em estabelecimento comercial em&hellip;<\/p>\n","protected":false},"author":19,"featured_media":91010,"comment_status":"closed","ping_status":"closed","sticky":false,"template":"","format":"standard","meta":{"_lmt_disableupdate":"","_lmt_disable":"","footnotes":""},"categories":[14234],"tags":[247,424,6401,283],"powerkit_post_featured":[],"class_list":{"0":"post-91008","1":"post","2":"type-post","3":"status-publish","4":"format-standard","5":"has-post-thumbnail","7":"category-seguranca","8":"tag-brigada-militar","9":"tag-farroupilha","10":"tag-loja","11":"tag-serra-gaucha"},"modified_by":"Luciano Pettorini","_links":{"self":[{"href":"https:\/\/radiosolaris.com.br\/beta\/wp-json\/wp\/v2\/posts\/91008","targetHints":{"allow":["GET"]}}],"collection":[{"href":"https:\/\/radiosolaris.com.br\/beta\/wp-json\/wp\/v2\/posts"}],"about":[{"href":"https:\/\/radiosolaris.com.br\/beta\/wp-json\/wp\/v2\/types\/post"}],"author":[{"embeddable":true,"href":"https:\/\/radiosolaris.com.br\/beta\/wp-json\/wp\/v2\/users\/19"}],"replies":[{"embeddable":true,"href":"https:\/\/radiosolaris.com.br\/beta\/wp-json\/wp\/v2\/comments?post=91008"}],"version-history":[{"count":0,"href":"https:\/\/radiosolaris.com.br\/beta\/wp-json\/wp\/v2\/posts\/91008\/revisions"}],"wp:featuredmedia":[{"embeddable":true,"href":"https:\/\/radiosolaris.com.br\/beta\/wp-json\/wp\/v2\/media\/91010"}],"wp:attachment":[{"href":"https:\/\/radiosolaris.com.br\/beta\/wp-json\/wp\/v2\/media?parent=91008"}],"wp:term":[{"taxonomy":"category","embeddable":true,"href":"https:\/\/radiosolaris.com.br\/beta\/wp-json\/wp\/v2\/categories?post=91008"},{"taxonomy":"post_tag","embeddable":true,"href":"https:\/\/radiosolaris.com.br\/beta\/wp-json\/wp\/v2\/tags?post=91008"},{"taxonomy":"powerkit_post_featured","embeddable":true,"href":"https:\/\/radiosolaris.com.br\/beta\/wp-json\/wp\/v2\/powerkit_post_featured?post=91008"}],"curies":[{"name":"wp","href":"https:\/\/api.w.org\/{rel}","templated":true}]}}