{"id":90974,"date":"2022-10-17T15:26:54","date_gmt":"2022-10-17T18:26:54","guid":{"rendered":"https:\/\/radiosolaris.com.br\/beta\/?p=90974"},"modified":"2022-10-17T15:26:57","modified_gmt":"2022-10-17T18:26:57","slug":"caxias-recebe-area-do-estado-para-realizacao-do-horti-serra-gaucha","status":"publish","type":"post","link":"https:\/\/radiosolaris.com.br\/beta\/caxias-recebe-area-do-estado-para-realizacao-do-horti-serra-gaucha\/","title":{"rendered":"Caxias recebe \u00e1rea do Estado para realiza\u00e7\u00e3o do Horti Serra Ga\u00facha"},"content":{"rendered":"\n<h4 id=\"entrega-sera-formalizada-nesta-terca-feira-18-em-fazenda-souza\" class=\"wp-block-heading\">Entrega ser\u00e1 formalizada nesta ter\u00e7a-feira (18), em Fazenda Souza<\/h4>\n\n\n\n<p>O Munic\u00edpio de Caxias do Sul vai receber oficialmente do Governo do Estado parte da \u00e1rea do Centro Estadual de Diagn\u00f3stico e Pesquisa em Vitivinicultura (Cevitis), antiga Fepagro. A assinatura do termo de coopera\u00e7\u00e3o ser\u00e1 nesta ter\u00e7a-feira (18) \u00e0s 10h, no Cevitis, localizado no distrito de Fazenda Souza. O documento ser\u00e1 assinado pelo secret\u00e1rio estadual de Agricultura, Pecu\u00e1ria e Desenvolvimento Rural, Domingos Ant\u00f4nio Velho Lopes, e pelo Prefeito Adil\u00f3 Didomenico.<\/p>\n\n\n\n<p>O termo tem como finalidade o uso compartilhado de uma \u00e1rea de sete hectares do im\u00f3vel, que possui total de 64 hectares no total. L\u00e1, o Munic\u00edpio pretende retomar em 2023 o evento Horti Serra Ga\u00facha, que tem por objetivo apresentar experi\u00eancias e tecnologias atualizadas em horticultura e fruticultura para agricultores, estudantes, profissionais da \u00e1rea e consumidores.<\/p>\n\n\n\n<p>As negocia\u00e7\u00f5es se intensificaram h\u00e1 cerca de tr\u00eas anos. \u201c\u00c9 um momento muito importante para Caxias e regi\u00e3o, pois atende a uma demanda do segmento\u201d, avalia o secret\u00e1rio municipal da Agricultura, Pecu\u00e1ria e Abastecimento, Rudimar Menegotto. Segundo o titular da SMAPA, o Horti Serra deve acontecer em 2023, apesar do pouco tempo dispon\u00edvel para organiza\u00e7\u00e3o do evento. \u201cVamos retomar o Horti Serra, talvez ainda n\u00e3o no tamanho que gostar\u00edamos, mas dentro das condi\u00e7\u00f5es poss\u00edveis e com \u00eanfase na parte pr\u00e1tica, valorizando os cultivos\u201d, diz.<\/p>\n\n\n\n<p>Al\u00e9m das autoridades, participar\u00e3o do ato convidados e representantes de entidades do segmento do agroneg\u00f3cio, da agricultura familiar, universidades, empresas, lideran\u00e7as do meio rural, representantes de munic\u00edpios vizinhos e de institui\u00e7\u00f5es financeiras.<\/p>\n\n\n\n<p><\/p>\n\n\n\n<figure class=\"wp-block-image size-full\"><img  loading=\"lazy\"  decoding=\"async\"  width=\"1026\"  height=\"578\"  src=\"data:image\/png;base64,iVBORw0KGgoAAAANSUhEUgAAAAEAAAABAQMAAAAl21bKAAAAA1BMVEUAAP+KeNJXAAAAAXRSTlMAQObYZgAAAAlwSFlzAAAOxAAADsQBlSsOGwAAAApJREFUCNdjYAAAAAIAAeIhvDMAAAAASUVORK5CYII=\"  alt=\"\"  class=\"wp-image-90975 pk-lazyload\"  data-pk-sizes=\"auto\"  data-ls-sizes=\"auto, (max-width: 1026px) 100vw, 1026px\"  data-pk-src=\"https:\/\/radiosolaris.com.br\/beta\/wp-content\/uploads\/2022\/10\/imagem-Cevitis-2.jpeg\"  data-pk-srcset=\"https:\/\/radiosolaris.com.br\/beta\/wp-content\/uploads\/2022\/10\/imagem-Cevitis-2.jpeg 1026w, https:\/\/radiosolaris.com.br\/beta\/wp-content\/uploads\/2022\/10\/imagem-Cevitis-2-800x451.jpeg 800w\" ><figcaption>foto: divulga\u00e7\u00e3o<\/figcaption><\/figure>\n","protected":false},"excerpt":{"rendered":"<p>Entrega ser\u00e1 formalizada nesta ter\u00e7a-feira (18), em Fazenda Souza O Munic\u00edpio de Caxias do Sul vai receber oficialmente do Governo do Estado parte da \u00e1rea do Centro Estadual de Diagn\u00f3stico&hellip;<\/p>\n","protected":false},"author":19,"featured_media":0,"comment_status":"closed","ping_status":"closed","sticky":false,"template":"","format":"standard","meta":{"_lmt_disableupdate":"","_lmt_disable":"","footnotes":""},"categories":[83],"tags":[148,4579,14573,283],"powerkit_post_featured":[],"class_list":{"0":"post-90974","1":"post","2":"type-post","3":"status-publish","4":"format-standard","6":"category-serra-gaucha","7":"tag-caxias-do-sul","8":"tag-evento","9":"tag-horti-serra-gaucha","10":"tag-serra-gaucha"},"modified_by":"Luciano Pettorini","_links":{"self":[{"href":"https:\/\/radiosolaris.com.br\/beta\/wp-json\/wp\/v2\/posts\/90974","targetHints":{"allow":["GET"]}}],"collection":[{"href":"https:\/\/radiosolaris.com.br\/beta\/wp-json\/wp\/v2\/posts"}],"about":[{"href":"https:\/\/radiosolaris.com.br\/beta\/wp-json\/wp\/v2\/types\/post"}],"author":[{"embeddable":true,"href":"https:\/\/radiosolaris.com.br\/beta\/wp-json\/wp\/v2\/users\/19"}],"replies":[{"embeddable":true,"href":"https:\/\/radiosolaris.com.br\/beta\/wp-json\/wp\/v2\/comments?post=90974"}],"version-history":[{"count":0,"href":"https:\/\/radiosolaris.com.br\/beta\/wp-json\/wp\/v2\/posts\/90974\/revisions"}],"wp:attachment":[{"href":"https:\/\/radiosolaris.com.br\/beta\/wp-json\/wp\/v2\/media?parent=90974"}],"wp:term":[{"taxonomy":"category","embeddable":true,"href":"https:\/\/radiosolaris.com.br\/beta\/wp-json\/wp\/v2\/categories?post=90974"},{"taxonomy":"post_tag","embeddable":true,"href":"https:\/\/radiosolaris.com.br\/beta\/wp-json\/wp\/v2\/tags?post=90974"},{"taxonomy":"powerkit_post_featured","embeddable":true,"href":"https:\/\/radiosolaris.com.br\/beta\/wp-json\/wp\/v2\/powerkit_post_featured?post=90974"}],"curies":[{"name":"wp","href":"https:\/\/api.w.org\/{rel}","templated":true}]}}