{"id":90945,"date":"2022-10-17T15:03:24","date_gmt":"2022-10-17T18:03:24","guid":{"rendered":"https:\/\/radiosolaris.com.br\/beta\/?p=90945"},"modified":"2022-10-17T15:06:00","modified_gmt":"2022-10-17T18:06:00","slug":"mercopar-2022-aponta-oportunidades-da-industria-do-futuro","status":"publish","type":"post","link":"https:\/\/radiosolaris.com.br\/beta\/mercopar-2022-aponta-oportunidades-da-industria-do-futuro\/","title":{"rendered":"Mercopar 2022 aponta oportunidades da ind\u00fastria do futuro"},"content":{"rendered":"\n<h4 id=\"maior-feira-de-industria-e-inovacao-da-america-latina-inicia-nesta-terca-feira-18-em-caxias-do-sul\" class=\"wp-block-heading\">Maior feira de ind\u00fastria e inova\u00e7\u00e3o da Am\u00e9rica Latina inicia nesta ter\u00e7a-feira (18), em Caxias do Sul<\/h4>\n\n\n\n<p>De pr\u00e1ticas de ESG \u00e0s mais modernas tecnologias 4.0, aquilo que \u00e9 tend\u00eancia na ind\u00fastria mundial passa pela cidade de Caxias do Sul, a partir desta ter\u00e7a-feira (18) com o in\u00edcio da Mercopar. Promovida pelo Servi\u00e7o de Apoio \u00e0s Micro e Pequenas Empresas no Rio Grande do Sul (Sebrae-RS) e pela Federa\u00e7\u00e3o das Ind\u00fastrias do Estado do Rio Grande do Sul (Fiergs), a maior feira de ind\u00fastria e inova\u00e7\u00e3o da Am\u00e9rica Latina chega a sua 31\u00aa edi\u00e7\u00e3o com 512 expositores confirmados \u2013 47,5% a mais que o n\u00famero de 2021 \u2013, e expectativa de sua maior edi\u00e7\u00e3o em tr\u00eas d\u00e9cadas de atua\u00e7\u00e3o ininterrupta.<\/p>\n\n\n\n<p>\u201cCom uma hist\u00f3ria de mais de 30 anos, a Mercopar transbordou os limites de ser apenas mais um evento no calend\u00e1rio das feiras industriais. Alinhada ao que h\u00e1 de mais importante no mundo, ela \u00e9 uma ponte de conex\u00e3o que liga demandas e solu\u00e7\u00f5es para as empresas, fonte de conte\u00fado atualizado, e espelho das tend\u00eancias que v\u00e3o impactar o futuro do setor industrial, local e globalmente\u201d, avalia o diretor-superintendente do Sebrae RS, Andr\u00e9 Godoy.<\/p>\n\n\n<div class=\"cnvs-block-slider-gallery cnvs-block-slider-gallery-1666029879811\" >\n<div\n\tclass='gallery cnvs-gallery-type-slider'\n\tcnvs-flickity=\"init\"\n\tdata-sg-page-dots=\"true\"\n\tdata-sg-page-info=\"false\"\n\tdata-sg-nav=\"true\"\n>\n\t\t\t<figure class=\"gallery-item\">\n\t\t\t\t\t\t\t<a href=\"https:\/\/radiosolaris.com.br\/beta\/wp-content\/uploads\/2022\/10\/Mercopar-2022-aponta-oportunidades-da-industria-do-futuro-2-5-scaled.jpg\">\n\t\t\t\n\t\t\t<img loading=\"lazy\" decoding=\"async\" width=\"320\" height=\"240\" src=\"data:image\/png;base64,iVBORw0KGgoAAAANSUhEUgAAAAEAAAABAQMAAAAl21bKAAAAA1BMVEUAAP+KeNJXAAAAAXRSTlMAQObYZgAAAAlwSFlzAAAOxAAADsQBlSsOGwAAAApJREFUCNdjYAAAAAIAAeIhvDMAAAAASUVORK5CYII=\" class=\"attachment-thumbnail size-thumbnail pk-lazyload\" alt=\"\" data-pk-sizes=\"auto\" data-pk-src=\"https:\/\/radiosolaris.com.br\/beta\/wp-content\/uploads\/2022\/10\/Mercopar-2022-aponta-oportunidades-da-industria-do-futuro-2-5-scaled-320x240.jpg\" \/>\n\t\t\t\t\t\t\t<\/a>\n\t\t\t\n\t\t\t\t\t<\/figure>\n\t\t\t\t<figure class=\"gallery-item\">\n\t\t\t\t\t\t\t<a href=\"https:\/\/radiosolaris.com.br\/beta\/wp-content\/uploads\/2022\/10\/Mercopar-2022-aponta-oportunidades-da-industria-do-futuro-3-2-scaled.jpg\">\n\t\t\t\n\t\t\t<img loading=\"lazy\" decoding=\"async\" width=\"320\" height=\"240\" src=\"data:image\/png;base64,iVBORw0KGgoAAAANSUhEUgAAAAEAAAABAQMAAAAl21bKAAAAA1BMVEUAAP+KeNJXAAAAAXRSTlMAQObYZgAAAAlwSFlzAAAOxAAADsQBlSsOGwAAAApJREFUCNdjYAAAAAIAAeIhvDMAAAAASUVORK5CYII=\" class=\"attachment-thumbnail size-thumbnail pk-lazyload\" alt=\"\" data-pk-sizes=\"auto\" data-pk-src=\"https:\/\/radiosolaris.com.br\/beta\/wp-content\/uploads\/2022\/10\/Mercopar-2022-aponta-oportunidades-da-industria-do-futuro-3-2-320x240.jpg\" \/>\n\t\t\t\t\t\t\t<\/a>\n\t\t\t\n\t\t\t\t\t<\/figure>\n\t\t\t\t<figure class=\"gallery-item\">\n\t\t\t\t\t\t\t<a href=\"https:\/\/radiosolaris.com.br\/beta\/wp-content\/uploads\/2022\/10\/Mercopar-2022-aponta-oportunidades-da-industria-do-futuro-1-5-scaled.jpg\">\n\t\t\t\n\t\t\t<img loading=\"lazy\" decoding=\"async\" width=\"320\" height=\"240\" src=\"data:image\/png;base64,iVBORw0KGgoAAAANSUhEUgAAAUAAAADwAQMAAABL4y8oAAAAA1BMVEUAAP+KeNJXAAAAAXRSTlMAQObYZgAAAAlwSFlzAAAOxAAADsQBlSsOGwAAACBJREFUaN7twYEAAAAAw6D5Ux\/hAlUBAAAAAAAAAADANyZwAAFF2mhIAAAAAElFTkSuQmCC\" class=\"attachment-thumbnail size-thumbnail pk-lazyload\" alt=\"\" data-pk-sizes=\"auto\" data-pk-src=\"https:\/\/radiosolaris.com.br\/beta\/wp-content\/uploads\/2022\/10\/Mercopar-2022-aponta-oportunidades-da-industria-do-futuro-1-5-scaled-320x240.jpg\" \/>\n\t\t\t\t\t\t\t<\/a>\n\t\t\t\n\t\t\t\t\t<\/figure>\n\t\t<\/div>\n\n<\/div>\n\n\n<p><strong>Expans\u00e3o em 2022<br><\/strong>Com direito \u00e0 ocupa\u00e7\u00e3o de um terceiro pavilh\u00e3o, em 2022, a Mercopar amplia sua \u00e1rea \u00fatil no Centro de Feiras e Eventos Festa da Uva, em Caxias do Sul, em 60% no comparativo com a edi\u00e7\u00e3o do \u00faltimo ano, totalizando 32 mil metros quadrados. Al\u00e9m dos 470 expositores j\u00e1 confirmados, o evento abriga quatro grandes espa\u00e7os tem\u00e1ticos que s\u00e3o respons\u00e1veis pela gera\u00e7\u00e3o de neg\u00f3cios e promo\u00e7\u00e3o de conte\u00fado de segmentos como metal mec\u00e2nico, tecnologia da informa\u00e7\u00e3o, energia e meio ambiente, borracha, automa\u00e7\u00e3o industrial, pl\u00e1stico, eletroeletr\u00f4nico, movimenta\u00e7\u00e3o e armazenagem: s\u00e3o eles o Sal\u00e3o de Neg\u00f3cios, Sal\u00e3o de Inova\u00e7\u00e3o, Espa\u00e7o Futuro e Espa\u00e7o Inspira\u00e7\u00e3o.<\/p>\n\n\n\n<p>Neste ano, o evento agregou um dia a mais de programa\u00e7\u00e3o \u2013 totalizando quatro dias \u2013, o que, al\u00e9m de gerar mais tempo e conte\u00fado para quem busca fomentar os neg\u00f3cios, permite maior atratividade \u00e0 presen\u00e7a de grandes players da ind\u00fastria nacional, de estados como DF, ES, GO, MG, PR, RJ, SC e SP, al\u00e9m do pr\u00f3prio RS, que t\u00eam na Serra ga\u00facha um dos mais importante polos do setor.<\/p>\n\n\n\n<p><strong>Gera\u00e7\u00e3o de neg\u00f3cio<br><\/strong>Fomentar novas oportunidades entre empresas dos mais diferentes portes e segmentos \u00e9 uma das miss\u00f5es que a Mercopar cumpre por meio do Sal\u00e3o de Neg\u00f3cios, um dos principais espa\u00e7os tem\u00e1ticos da feira. \u00c9 l\u00e1 que ocorrem as tradicionais rodadas do Projeto Comprador, que este ano ir\u00e1 conectar grandes empresas compradoras a MPEs fornecedoras de diferentes cadeias em seis grandes rodadas.<\/p>\n\n\n\n<p>As agendas do segmento metalmec\u00e2nico ir\u00e3o aproximar 80 empresas compradoras a 370 fornecedores. J\u00e1 as rodadas da ind\u00fastria geral ter\u00e3o 75 companhias de grande porte que ir\u00e3o buscar solu\u00e7\u00f5es de 310 potenciais fornecedores. As agendas internacionais ser\u00e3o protagonizadas por 12 empresas da Am\u00e9rica Latina \u2013 M\u00e9xico, Guatemala, Costa Rica, Col\u00f4mbia, Equador e Rep\u00fablica Dominicana \u2013 apresentadas a um grupo de 100 fornecedores brasileiros.<\/p>\n\n\n\n<p>Neste ano, de forma in\u00e9dita, o projeto antecipou as conex\u00f5es com uma s\u00e9rie de rodadas realizadas em ambiente digital no per\u00edodo pr\u00e9-feira.&nbsp; Ao longo dos meses de julho, agosto e setembro, o evento realizou uma s\u00e9rie de quatro encontros setoriais &#8211; metal mec\u00e2nico, defesa, pl\u00e1sticos e energia &#8211; que conectaram 68 grandes companhias nacionais a 407 fornecedores de menor porte em um total de 516 negocia\u00e7\u00f5es.<\/p>\n\n\n\n<p><strong>Conte\u00fado com autoridade<br><\/strong>Ao incorporar o conceito de inova\u00e7\u00e3o \u00e0 sua programa\u00e7\u00e3o, a Mercopar tem se consolidado ano ap\u00f3s ano como uma fonte expressiva de conte\u00fado t\u00e9cnico alinhado ao que h\u00e1 de mais relevante no setor mundial. Em 2022, a feira contar\u00e1 com grandes nomes do mercado, como o presidente do The New Development Bank (NDB) \u2013 Novo Banco de Desenvolvimento \u2013 (NDB), com sede em Xangai (China), o paulista Marcos Prado Troyjo; o reitor da Sa\u00efd Business School da Universidade de Oxford, na Inglaterra, o indiano Soumitra Dutta; o professor de gerenciamento de produ\u00e7\u00e3o e de opera\u00e7\u00f5es, tecnologia e informa\u00e7\u00f5es no SC Johnson College of Business, de Nova Iorque (EUA), Vishal Gaur; o professor na Escola de Rela\u00e7\u00f5es Internacionais da Funda\u00e7\u00e3o Get\u00falio Vargas (FGV) e analista pol\u00edtico Oliver Stuenkel, entre outros.<\/p>\n\n\n\n<p><strong>Mercopar 2022<br><\/strong>Promovida pelo Sebrae RS e pela Fiergs, a maior feira de ind\u00fastria e inova\u00e7\u00e3o da Am\u00e9rica Latina ser\u00e1 realizada de 18 a 21 de outubro, no Centro de Feiras e Eventos Festa da Uva, em Caxias do Sul. A 31\u00aa edi\u00e7\u00e3o da Mercopar ter\u00e1 quatro dias de programa\u00e7\u00e3o e incorpora 60% a mais de \u00e1rea \u00fatil em rela\u00e7\u00e3o ao espa\u00e7o ocupado no ano anterior. O evento multissetorial contar\u00e1, ao todo, com 32 mil metros quadrados para receber expositores e visitantes com foco na gera\u00e7\u00e3o de neg\u00f3cios e promo\u00e7\u00e3o de conte\u00fado de segmentos como metal mec\u00e2nico, tecnologia da informa\u00e7\u00e3o, energia e meio ambiente, borracha, automa\u00e7\u00e3o industrial, pl\u00e1stico, eletroeletr\u00f4nico, movimenta\u00e7\u00e3o e armazenagem. A feira conta com o patroc\u00ednio ouro de Sicredi Pioneira, patroc\u00ednio master das Empresas Randon, patroc\u00ednios Banrisul, Instituto H\u00e9lice, Portos RS e SIMECS. Al\u00e9m dos apoios: Abimaq, BRDE, Marcopolo e Trashin.<\/p>\n","protected":false},"excerpt":{"rendered":"<p>Maior feira de ind\u00fastria e inova\u00e7\u00e3o da Am\u00e9rica Latina inicia nesta ter\u00e7a-feira (18), em Caxias do Sul De pr\u00e1ticas de ESG \u00e0s mais modernas tecnologias 4.0, aquilo que \u00e9 tend\u00eancia&hellip;<\/p>\n","protected":false},"author":13,"featured_media":90959,"comment_status":"closed","ping_status":"closed","sticky":false,"template":"","format":"standard","meta":{"_lmt_disableupdate":"","_lmt_disable":"","footnotes":""},"categories":[83],"tags":[13119,148,4470,14570,14571,8859,992,283],"powerkit_post_featured":[],"class_list":{"0":"post-90945","1":"post","2":"type-post","3":"status-publish","4":"format-standard","5":"has-post-thumbnail","7":"category-serra-gaucha","8":"tag-31a-edicao-da-mercopar","9":"tag-caxias-do-sul","10":"tag-mercopar","11":"tag-mercopar-2022","12":"tag-mercopar-em-caxias-do-sul","13":"tag-pavilhoes-festa-da-uva","14":"tag-serra","15":"tag-serra-gaucha"},"modified_by":"Filipe Brogliatto","_links":{"self":[{"href":"https:\/\/radiosolaris.com.br\/beta\/wp-json\/wp\/v2\/posts\/90945","targetHints":{"allow":["GET"]}}],"collection":[{"href":"https:\/\/radiosolaris.com.br\/beta\/wp-json\/wp\/v2\/posts"}],"about":[{"href":"https:\/\/radiosolaris.com.br\/beta\/wp-json\/wp\/v2\/types\/post"}],"author":[{"embeddable":true,"href":"https:\/\/radiosolaris.com.br\/beta\/wp-json\/wp\/v2\/users\/13"}],"replies":[{"embeddable":true,"href":"https:\/\/radiosolaris.com.br\/beta\/wp-json\/wp\/v2\/comments?post=90945"}],"version-history":[{"count":0,"href":"https:\/\/radiosolaris.com.br\/beta\/wp-json\/wp\/v2\/posts\/90945\/revisions"}],"wp:featuredmedia":[{"embeddable":true,"href":"https:\/\/radiosolaris.com.br\/beta\/wp-json\/wp\/v2\/media\/90959"}],"wp:attachment":[{"href":"https:\/\/radiosolaris.com.br\/beta\/wp-json\/wp\/v2\/media?parent=90945"}],"wp:term":[{"taxonomy":"category","embeddable":true,"href":"https:\/\/radiosolaris.com.br\/beta\/wp-json\/wp\/v2\/categories?post=90945"},{"taxonomy":"post_tag","embeddable":true,"href":"https:\/\/radiosolaris.com.br\/beta\/wp-json\/wp\/v2\/tags?post=90945"},{"taxonomy":"powerkit_post_featured","embeddable":true,"href":"https:\/\/radiosolaris.com.br\/beta\/wp-json\/wp\/v2\/powerkit_post_featured?post=90945"}],"curies":[{"name":"wp","href":"https:\/\/api.w.org\/{rel}","templated":true}]}}