{"id":90775,"date":"2022-10-14T17:04:53","date_gmt":"2022-10-14T20:04:53","guid":{"rendered":"https:\/\/radiosolaris.com.br\/beta\/?p=90775"},"modified":"2022-10-14T17:09:38","modified_gmt":"2022-10-14T20:09:38","slug":"radio-solaris-fm-99-1-completa-10-anos-buscando-crescer-ainda-mais-na-serra-gaucha","status":"publish","type":"post","link":"https:\/\/radiosolaris.com.br\/beta\/radio-solaris-fm-99-1-completa-10-anos-buscando-crescer-ainda-mais-na-serra-gaucha\/","title":{"rendered":"R\u00e1dio Solaris FM 99.1 completa 10 anos buscando crescer ainda mais na Serra ga\u00facha"},"content":{"rendered":"\n<h3 id=\"a-queridaca-da-serra-prepara-evento-especial-na-praca-da-bandeira-na-tarde-deste-sabado-15-para-celebrar-a-data\" class=\"wp-block-heading\">A \u2018Querida\u00e7a da Serra\u2019 prepara evento especial na Pra\u00e7a da Bandeira, na tarde deste s\u00e1bado (15), para celebrar a data<\/h3>\n\n\n\n<p>A R\u00e1dio Solaris FM 99.1 celebra neste s\u00e1bado (15), seus 10 anos de hist\u00f3ria. Ao completar sua primeira d\u00e9cada de atua\u00e7\u00e3o em Flores da Cunha, a r\u00e1dio, que \u00e9 l\u00edder de audi\u00eancia na cidade, j\u00e1 se consolida entre as mais ouvidas da Serra ga\u00facha.<\/p>\n\n\n\n<p>E para comemorar a passagem da data, a equipe da \u2018Querida\u00e7a da Serra\u2019 preparou muitas novidades. Entre elas uma s\u00e9rie de \u2018blitz\u2019 em cidades da regi\u00e3o. O evento, que j\u00e1 foi realizado no Parque dos Macaquinhos em Caxias do Sul e na Pra\u00e7a da Matriz em Farroupilha, chega a Flores da Cunha neste s\u00e1bado, com a distribui\u00e7\u00e3o de erva-mate e \u00e1gua quente para o chimarr\u00e3o, al\u00e9m de brindes como camisetas e bon\u00e9s. Os comunicadores da r\u00e1dio tamb\u00e9m estar\u00e3o presentes.&nbsp; &nbsp;<\/p>\n\n\n\n<p>Al\u00e9m das a\u00e7\u00f5es nas cidades, o Grupo Solaris de Comunica\u00e7\u00e3o apresentou no dia 29 de setembro o novo portal de not\u00edcias radiosolaris.com.br. O site est\u00e1 mais interativo e busca aproximar os ouvintes e leitores, proporcionando novas funcionalidades, com objetivo de garantir que o p\u00fablico tenha acesso a uma programa\u00e7\u00e3o de qualidade e tamb\u00e9m possa ficar bem informado. Hoje, o portal conta com cerca de 500 mil acessos mensais.&nbsp;<\/p>\n\n\n\n<p>A comemora\u00e7\u00e3o dos 10 anos de R\u00e1dio Solaris ser\u00e1 coroada com a celebra\u00e7\u00e3o de uma missa, no domingo, dia 23 de outubro, na Catedral Santa Teresa D\u2019\u00c1vila, em Caxias do Sul. A missa, que reunir\u00e1 a equipe da FM 99.1, ser\u00e1 transmitida no hor\u00e1rio tradicional das 9h, ao vivo na r\u00e1dio e tamb\u00e9m na p\u00e1gina do Facebook @solaris991fm.<\/p>\n\n\n\n<p><strong>R\u00c1DIO SOLARIS FM 99.1, FRUTO DE UM SONHO<br><\/strong>Fruto do sonho dos empres\u00e1rios Laureano e Maria Teresa Fortuna, a abertura de uma emissora comercial que atendesse aos interesses de Flores e regi\u00e3o, foi uma verdadeira batalha. \u201cForam viagens, muitas liga\u00e7\u00f5es, milhares de documentos, at\u00e9 aquele 15 de outubro de 2012, data da inaugura\u00e7\u00e3o da R\u00e1dio Solaris\u201d, recorda a diretora do Grupo Solaris, Maria Teresa. \u00a0<\/p>\n\n\n\n<p>Ao longo destes 10 anos, muitas marcas positivas foram atingidas. A primeira delas foi alcan\u00e7ada em poucos meses: uma grande audi\u00eancia na cidade-m\u00e3e, Flores da Cunha. Depois, a mudan\u00e7a de frequ\u00eancia de FM 89.7, para FM 99.1, juntamente com o aumento de pot\u00eancia, permitindo que a r\u00e1dio chegue ainda mais longe.<\/p>\n\n\n\n<p>Por fim, mas n\u00e3o menos importante, a mais recente conquista: a abertura do est\u00fadio em Caxias do Sul. \u201cDesde outubro do ano passado, a Solaris est\u00e1 presente tamb\u00e9m em Caxias, quebrando barreiras e expandindo ainda mais a empresa. Mesmo assim, n\u00e3o perdemos a nossa ess\u00eancia e nossa raiz de ser de Flores da Cunha\u201d, explica o presidente do grupo, Laureano Fortuna.<\/p>\n\n\n\n<p>\u201cHoje a Solaris \u00e9 uma emissora presente em toda a Serra ga\u00facha. Estamos muito felizes em colher os frutos de nosso trabalho ao longo desses 10 anos, mas especialmente nos \u00faltimos dois ou tr\u00eas anos, quando conseguimos enxergar o tamanho que a Solaris tem e, com isso, crescer ainda mais\u201d, afirma a coordenadora da emissora, J\u00e9ssica Sotoriva.<\/p>\n\n\n\n<p>Atualmente, a R\u00e1dio Solaris vai ao ar 24 horas por dia, sete dias por semana, sendo 19 horas di\u00e1rias de programa\u00e7\u00e3o ao vivo. \u00c9 poss\u00edvel ouvir a Solaris no dial FM 99.1, no site radiosolaris.com.br e no aplicativo R\u00e1dio Solaris (dispon\u00edvel para Android e iOS). Al\u00e9m disso, a emissora tem compromisso com a sustentabilidade, sendo que foi inaugurada neste ano a usina de gera\u00e7\u00e3o de energia solar fotovoltaica, que fornece a energia para as emissoras do grupo.&nbsp;&nbsp;<\/p>\n","protected":false},"excerpt":{"rendered":"<p>A \u2018Querida\u00e7a da Serra\u2019 prepara evento especial na Pra\u00e7a da Bandeira, na tarde deste s\u00e1bado (15), para celebrar a data A R\u00e1dio Solaris FM 99.1 celebra neste s\u00e1bado (15), seus&hellip;<\/p>\n","protected":false},"author":13,"featured_media":90777,"comment_status":"closed","ping_status":"closed","sticky":false,"template":"","format":"standard","meta":{"_lmt_disableupdate":"","_lmt_disable":"","footnotes":""},"categories":[1],"tags":[14046,14542,148,114,13077,169,3182,992,283,13078],"powerkit_post_featured":[],"class_list":{"0":"post-90775","1":"post","2":"type-post","3":"status-publish","4":"format-standard","5":"has-post-thumbnail","7":"category-geral","8":"tag-10-anos-da-queridaca-da-serra","9":"tag-10-anos-radio-solaris-fm-99-1","10":"tag-caxias-do-sul","11":"tag-flores-da-cunha","12":"tag-queridaca-da-serra","13":"tag-radio-solaris","14":"tag-radio-solaris-fm-99-1","15":"tag-serra","16":"tag-serra-gaucha","17":"tag-solaris-fm-99-1"},"modified_by":"Filipe Brogliatto","_links":{"self":[{"href":"https:\/\/radiosolaris.com.br\/beta\/wp-json\/wp\/v2\/posts\/90775","targetHints":{"allow":["GET"]}}],"collection":[{"href":"https:\/\/radiosolaris.com.br\/beta\/wp-json\/wp\/v2\/posts"}],"about":[{"href":"https:\/\/radiosolaris.com.br\/beta\/wp-json\/wp\/v2\/types\/post"}],"author":[{"embeddable":true,"href":"https:\/\/radiosolaris.com.br\/beta\/wp-json\/wp\/v2\/users\/13"}],"replies":[{"embeddable":true,"href":"https:\/\/radiosolaris.com.br\/beta\/wp-json\/wp\/v2\/comments?post=90775"}],"version-history":[{"count":0,"href":"https:\/\/radiosolaris.com.br\/beta\/wp-json\/wp\/v2\/posts\/90775\/revisions"}],"wp:featuredmedia":[{"embeddable":true,"href":"https:\/\/radiosolaris.com.br\/beta\/wp-json\/wp\/v2\/media\/90777"}],"wp:attachment":[{"href":"https:\/\/radiosolaris.com.br\/beta\/wp-json\/wp\/v2\/media?parent=90775"}],"wp:term":[{"taxonomy":"category","embeddable":true,"href":"https:\/\/radiosolaris.com.br\/beta\/wp-json\/wp\/v2\/categories?post=90775"},{"taxonomy":"post_tag","embeddable":true,"href":"https:\/\/radiosolaris.com.br\/beta\/wp-json\/wp\/v2\/tags?post=90775"},{"taxonomy":"powerkit_post_featured","embeddable":true,"href":"https:\/\/radiosolaris.com.br\/beta\/wp-json\/wp\/v2\/powerkit_post_featured?post=90775"}],"curies":[{"name":"wp","href":"https:\/\/api.w.org\/{rel}","templated":true}]}}