{"id":90490,"date":"2022-10-11T16:02:43","date_gmt":"2022-10-11T19:02:43","guid":{"rendered":"https:\/\/radiosolaris.com.br\/beta\/?p=90490"},"modified":"2022-10-11T16:02:48","modified_gmt":"2022-10-11T19:02:48","slug":"rota-do-sol-tera-bloqueios-em-itati-a-partir-desta-quarta-feira","status":"publish","type":"post","link":"https:\/\/radiosolaris.com.br\/beta\/rota-do-sol-tera-bloqueios-em-itati-a-partir-desta-quarta-feira\/","title":{"rendered":"Rota do Sol ter\u00e1 bloqueios, em Itati, a partir desta quarta-feira"},"content":{"rendered":"\n<h4 id=\"as-interrupcoes-ocorrem-ate-a-proxima-terca-feira-18-durante-alguns-minutos-entre-as-6h30-e-8h-e-17h-e-19h\" class=\"wp-block-heading\">As interrup\u00e7\u00f5es ocorrem at\u00e9 a pr\u00f3xima ter\u00e7a-feira (18) durante alguns minutos entre \u00e0s 6h30 e 8h e 17h e 19h<\/h4>\n\n\n\n<p>\u2002\u2002\u2002\u2002\u2002\u2002O Departamento Aut\u00f4nomo de Estradas de Rodagem (Daer), vinculado \u00e0 Secretaria de Log\u00edstica e Transportes, informa que o tr\u00e2nsito na Rota do Sol (ERS-486), em Itati, contar\u00e1 com bloqueios totais a partir de amanh\u00e3 (12). As interrup\u00e7\u00f5es ocorrem at\u00e9 a pr\u00f3xima ter\u00e7a-feira (18\/10) durante alguns minutos entre \u00e0s 6h30 e 8h e 17h e 19h.<\/p>\n\n\n\n<p>\u2002\u2002\u2002\u2002\u2002\u2002A a\u00e7\u00e3o \u00e9 uma etapa do estudo que monitora o atropelamento de animais silvestres na Rota do Sol e ocorre no trecho onde est\u00e3o instaladas as travessias subterr\u00e2neas e a\u00e9reas para anf\u00edbios. At\u00e9 mar\u00e7o, devem ser realizados bloqueios mensais. As datas e hor\u00e1rios das pr\u00f3ximas a\u00e7\u00f5es ser\u00e3o divulgados posteriormente.<\/p>\n\n\n\n<p>\u2002\u2002\u2002\u2002\u2002\u2002O monitoramento \u00e9 uma exig\u00eancia do Minist\u00e9rio P\u00fablico e do Instituto Brasileiro do Meio Ambiente e dos Recursos Naturais Renov\u00e1veis (Ibama) para a opera\u00e7\u00e3o da rodovia, que atravessa a Reserva Biol\u00f3gica Mata Paludosa. Nela, vivem diversas esp\u00e9cies em risco de extin\u00e7\u00e3o, tais como a perereca-castanhola (Itapotihyla langsdorffii), perereca-risadinha (Ololygon rizibilis) e perereca-macaca (Phyllomedusa distincta).<\/p>\n\n\n\n<figure class=\"wp-block-image size-full\"><img  loading=\"lazy\"  decoding=\"async\"  width=\"608\"  height=\"342\"  src=\"data:image\/png;base64,iVBORw0KGgoAAAANSUhEUgAAAmAAAAFWAQMAAAD0brO+AAAAA1BMVEUAAP+KeNJXAAAAAXRSTlMAQObYZgAAAAlwSFlzAAAOxAAADsQBlSsOGwAAADBJREFUeNrtwTEBAAAAwqD1T+1vBqAAAAAAAAAAAAAAAAAAAAAAAAAAAAAAAAAA4A1m3gABoxFjIwAAAABJRU5ErkJggg==\"  alt=\"\"  class=\"wp-image-71746 pk-lazyload\"  data-pk-sizes=\"auto\"  data-pk-src=\"https:\/\/radiosolaris.com.br\/beta\/wp-content\/uploads\/2022\/02\/passarela-rota-do-sol-daer.jpeg\" ><figcaption>Foto: daer<\/figcaption><\/figure>\n\n\n\n<p><\/p>\n\n\n\n<p><\/p>\n","protected":false},"excerpt":{"rendered":"<p>As interrup\u00e7\u00f5es ocorrem at\u00e9 a pr\u00f3xima ter\u00e7a-feira (18) durante alguns minutos entre \u00e0s 6h30 e 8h e 17h e 19h \u2002\u2002\u2002\u2002\u2002\u2002O Departamento Aut\u00f4nomo de Estradas de Rodagem (Daer), vinculado \u00e0&hellip;<\/p>\n","protected":false},"author":19,"featured_media":0,"comment_status":"closed","ping_status":"closed","sticky":false,"template":"","format":"standard","meta":{"_lmt_disableupdate":"","_lmt_disable":"","footnotes":""},"categories":[83,14235],"tags":[14484,3925,9470,1227,283,351],"powerkit_post_featured":[],"class_list":{"0":"post-90490","1":"post","2":"type-post","3":"status-publish","4":"format-standard","6":"category-serra-gaucha","7":"category-transito","8":"tag-ers-486","9":"tag-itati","10":"tag-passarela","11":"tag-rota-do-sol","12":"tag-serra-gaucha","13":"tag-transito"},"modified_by":"Luciano Pettorini","_links":{"self":[{"href":"https:\/\/radiosolaris.com.br\/beta\/wp-json\/wp\/v2\/posts\/90490","targetHints":{"allow":["GET"]}}],"collection":[{"href":"https:\/\/radiosolaris.com.br\/beta\/wp-json\/wp\/v2\/posts"}],"about":[{"href":"https:\/\/radiosolaris.com.br\/beta\/wp-json\/wp\/v2\/types\/post"}],"author":[{"embeddable":true,"href":"https:\/\/radiosolaris.com.br\/beta\/wp-json\/wp\/v2\/users\/19"}],"replies":[{"embeddable":true,"href":"https:\/\/radiosolaris.com.br\/beta\/wp-json\/wp\/v2\/comments?post=90490"}],"version-history":[{"count":0,"href":"https:\/\/radiosolaris.com.br\/beta\/wp-json\/wp\/v2\/posts\/90490\/revisions"}],"wp:attachment":[{"href":"https:\/\/radiosolaris.com.br\/beta\/wp-json\/wp\/v2\/media?parent=90490"}],"wp:term":[{"taxonomy":"category","embeddable":true,"href":"https:\/\/radiosolaris.com.br\/beta\/wp-json\/wp\/v2\/categories?post=90490"},{"taxonomy":"post_tag","embeddable":true,"href":"https:\/\/radiosolaris.com.br\/beta\/wp-json\/wp\/v2\/tags?post=90490"},{"taxonomy":"powerkit_post_featured","embeddable":true,"href":"https:\/\/radiosolaris.com.br\/beta\/wp-json\/wp\/v2\/powerkit_post_featured?post=90490"}],"curies":[{"name":"wp","href":"https:\/\/api.w.org\/{rel}","templated":true}]}}