{"id":90482,"date":"2022-10-11T15:01:13","date_gmt":"2022-10-11T18:01:13","guid":{"rendered":"https:\/\/radiosolaris.com.br\/beta\/?p=90482"},"modified":"2022-10-11T15:01:15","modified_gmt":"2022-10-11T18:01:15","slug":"homem-e-mulher-sao-encontrados-mortos-a-tiros-dentro-de-caminhonete-em-vacaria","status":"publish","type":"post","link":"https:\/\/radiosolaris.com.br\/beta\/homem-e-mulher-sao-encontrados-mortos-a-tiros-dentro-de-caminhonete-em-vacaria\/","title":{"rendered":"Homem e mulher s\u00e3o encontrados mortos a tiros dentro de caminhonete, em Vacaria"},"content":{"rendered":"\n<h4 id=\"policia-civil-trabalha-com-a-hipotese-de-homicidio-seguido-de-suicidio\" class=\"wp-block-heading\">Pol\u00edcia civil trabalha com a hip\u00f3tese de homic\u00eddio seguido de suic\u00eddio<\/h4>\n\n\n\n<p>Um homem e uma mulher, identificados como Orestes Ant\u00f4nio Dal Piaz, 56 anos, e Maril\u00e2ndia da Silva Assun\u00e7\u00e3o, 35, foram encontrados mortos dentro de uma caminhonete S10, em Vacaria. As v\u00edtimas foram localizadas na manh\u00e3 desta ter\u00e7a-feira (11), por volta das 7h, em uma propriedade rural na Estrada Graneleiros, pr\u00f3ximo ao Parque de Rodeios. A Pol\u00edcia Civil trabalha com a hip\u00f3tese de homic\u00eddio seguido de suic\u00eddio.<\/p>\n\n\n\n<p>Dal Piaz, que \u00e9 empres\u00e1rio do ramo hortifruti e natural de Caxias do Sul, estava desaparecido desde a noite desta segunda-feira (10). Maril\u00e2ndia \u00e9 cabeleireira e natural de Lagoa Vermelha. <\/p>\n\n\n\n<p>N\u00e3o h\u00e1 informa\u00e7\u00f5es sobre a liga\u00e7\u00e3o de ambos. Um rev\u00f3lver foi encontrado dentro da caminhonete, que pertence a Dal Piaz.<\/p>\n\n\n\n<p>A Pol\u00edcia Civil e a Per\u00edcia trabalham no local para apurar as causas do crime.<\/p>\n\n\n\n<p>Foto: Pol\u00edcia Civil<\/p>\n","protected":false},"excerpt":{"rendered":"<p>Pol\u00edcia civil trabalha com a hip\u00f3tese de homic\u00eddio seguido de suic\u00eddio Um homem e uma mulher, identificados como Orestes Ant\u00f4nio Dal Piaz, 56 anos, e Maril\u00e2ndia da Silva Assun\u00e7\u00e3o, 35,&hellip;<\/p>\n","protected":false},"author":19,"featured_media":90483,"comment_status":"closed","ping_status":"closed","sticky":false,"template":"","format":"standard","meta":{"_lmt_disableupdate":"","_lmt_disable":"","footnotes":""},"categories":[14234,83],"tags":[14483,7729,1865,222,629,14482,283,4754,628],"powerkit_post_featured":[],"class_list":{"0":"post-90482","1":"post","2":"type-post","3":"status-publish","4":"format-standard","5":"has-post-thumbnail","7":"category-seguranca","8":"category-serra-gaucha","9":"tag-cabeleireira","10":"tag-empresario","11":"tag-homicidio-2","12":"tag-morte","13":"tag-policia-civil","14":"tag-s10","15":"tag-serra-gaucha","16":"tag-suicidio","17":"tag-vacaria"},"modified_by":"Luciano Pettorini","_links":{"self":[{"href":"https:\/\/radiosolaris.com.br\/beta\/wp-json\/wp\/v2\/posts\/90482","targetHints":{"allow":["GET"]}}],"collection":[{"href":"https:\/\/radiosolaris.com.br\/beta\/wp-json\/wp\/v2\/posts"}],"about":[{"href":"https:\/\/radiosolaris.com.br\/beta\/wp-json\/wp\/v2\/types\/post"}],"author":[{"embeddable":true,"href":"https:\/\/radiosolaris.com.br\/beta\/wp-json\/wp\/v2\/users\/19"}],"replies":[{"embeddable":true,"href":"https:\/\/radiosolaris.com.br\/beta\/wp-json\/wp\/v2\/comments?post=90482"}],"version-history":[{"count":0,"href":"https:\/\/radiosolaris.com.br\/beta\/wp-json\/wp\/v2\/posts\/90482\/revisions"}],"wp:featuredmedia":[{"embeddable":true,"href":"https:\/\/radiosolaris.com.br\/beta\/wp-json\/wp\/v2\/media\/90483"}],"wp:attachment":[{"href":"https:\/\/radiosolaris.com.br\/beta\/wp-json\/wp\/v2\/media?parent=90482"}],"wp:term":[{"taxonomy":"category","embeddable":true,"href":"https:\/\/radiosolaris.com.br\/beta\/wp-json\/wp\/v2\/categories?post=90482"},{"taxonomy":"post_tag","embeddable":true,"href":"https:\/\/radiosolaris.com.br\/beta\/wp-json\/wp\/v2\/tags?post=90482"},{"taxonomy":"powerkit_post_featured","embeddable":true,"href":"https:\/\/radiosolaris.com.br\/beta\/wp-json\/wp\/v2\/powerkit_post_featured?post=90482"}],"curies":[{"name":"wp","href":"https:\/\/api.w.org\/{rel}","templated":true}]}}