{"id":90457,"date":"2022-10-11T10:10:56","date_gmt":"2022-10-11T13:10:56","guid":{"rendered":"https:\/\/radiosolaris.com.br\/beta\/?p=90457"},"modified":"2022-10-11T11:33:35","modified_gmt":"2022-10-11T14:33:35","slug":"caminhoneiro-pradense-e-vitima-de-acidente-fatal-no-parana","status":"publish","type":"post","link":"https:\/\/radiosolaris.com.br\/beta\/caminhoneiro-pradense-e-vitima-de-acidente-fatal-no-parana\/","title":{"rendered":"Caminhoneiro Pradense \u00e9 v\u00edtima de acidente fatal no Paran\u00e1"},"content":{"rendered":"\n<h4 id=\"o-caminhoneiro-ivo-poltronieri-de-57-anos-veio-a-obito-apos-tombamento-de-seu-caminhao-apos-uma-curva\" class=\"wp-block-heading\">O caminhoneiro, Ivo Poltronieri, de 57 anos, veio a \u00f3bito ap\u00f3s tombamento de seu caminh\u00e3o ap\u00f3s uma curva<\/h4>\n\n\n\n<p>Um acidente fatal no km 412 da rodovia BR-376, vitimou o caminhoneiro pradense, Ivo Poltronieri, de 57 anos, \u00e0s 10h da manh\u00e3 de segunda-feira (10) em Tibagi, no Paran\u00e1.<\/p>\n\n\n\n<p>Segundo informa\u00e7\u00f5es do ve\u00edculo local &#8220;Atento as redes&#8221;, o caminh\u00e3o tombou logo ap\u00f3s uma curva e a cabine acabou atingindo a mureta de divis\u00e3o das pistas.<\/p>\n\n\n\n<p>A equipe de Suporte B\u00e1sico do SAMU de Imba\u00fa e equipe do Corpo de Bombeiros de Tel\u00eamaco Borba foram acionados para deslocamento at\u00e9 o local para atendimento a v\u00edtima e foi constatado que o caminhoneiro j\u00e1 havia falecido e estava preso as ferragens. A equipe da Pol\u00edcia Rodovi\u00e1ria Federal (PRF) foi acionada para sinaliza\u00e7\u00e3o da via, sendo solicitado na sequ\u00eancia a presen\u00e7a da Pol\u00edcia Civil, Criminal\u00edstica e IML para demais procedimentos cab\u00edveis.<\/p>\n\n\n\n<p>O Corpo de Bombeiros permaneceu no local para realizar a remo\u00e7\u00e3o da v\u00edtima das ferragens. <\/p>\n\n\n\n<p>Os atos f\u00fanebres de Ivo Poltronieri ter\u00e3o in\u00edcio hoje (11), a partir das 15h30min, na Capela Anziliero, no Centro de Ant\u00f4nio Prado. O f\u00e9retro sair\u00e1 amanh\u00e3 (12), \u00e0s 10h, da Capela para a Igreja Matriz onde ser\u00e1 celebrada missa de corpo presente.<\/p>\n\n\n\n<figure class=\"wp-block-image size-large\"><img  decoding=\"async\"  src=\"data:image\/png;base64,iVBORw0KGgoAAAANSUhEUgAAAAEAAAABAQMAAAAl21bKAAAAA1BMVEUAAP+KeNJXAAAAAXRSTlMAQObYZgAAAAlwSFlzAAAOxAAADsQBlSsOGwAAAApJREFUCNdjYAAAAAIAAeIhvDMAAAAASUVORK5CYII=\"  alt=\"\"  class=\"wp-image-90463 pk-lazyload\"  data-pk-sizes=\"auto\"  data-pk-src=\"https:\/\/radiosolaris.com.br\/beta\/wp-content\/uploads\/2022\/10\/311493483_3311118705883292_5625862437153902644_n-1160x1547.jpg\" ><\/figure>\n\n\n\n<p>Fonte e fotos: Atento as Redes<\/p>\n","protected":false},"excerpt":{"rendered":"<p>O caminhoneiro, Ivo Poltronieri, de 57 anos, veio a \u00f3bito ap\u00f3s tombamento de seu caminh\u00e3o ap\u00f3s uma curva Um acidente fatal no km 412 da rodovia BR-376, vitimou o caminhoneiro&hellip;<\/p>\n","protected":false},"author":21,"featured_media":89087,"comment_status":"closed","ping_status":"closed","sticky":false,"template":"","format":"standard","meta":{"_lmt_disableupdate":"","_lmt_disable":"","footnotes":""},"categories":[93,14235],"tags":[14473,14474,14475],"powerkit_post_featured":[],"class_list":{"0":"post-90457","1":"post","2":"type-post","3":"status-publish","4":"format-standard","5":"has-post-thumbnail","7":"category-noticias-rs","8":"category-transito","9":"tag-acidente-fatal","10":"tag-caminhoneiro-pradense","11":"tag-tibagi"},"modified_by":"Ta\u00eds Vargas","_links":{"self":[{"href":"https:\/\/radiosolaris.com.br\/beta\/wp-json\/wp\/v2\/posts\/90457","targetHints":{"allow":["GET"]}}],"collection":[{"href":"https:\/\/radiosolaris.com.br\/beta\/wp-json\/wp\/v2\/posts"}],"about":[{"href":"https:\/\/radiosolaris.com.br\/beta\/wp-json\/wp\/v2\/types\/post"}],"author":[{"embeddable":true,"href":"https:\/\/radiosolaris.com.br\/beta\/wp-json\/wp\/v2\/users\/21"}],"replies":[{"embeddable":true,"href":"https:\/\/radiosolaris.com.br\/beta\/wp-json\/wp\/v2\/comments?post=90457"}],"version-history":[{"count":0,"href":"https:\/\/radiosolaris.com.br\/beta\/wp-json\/wp\/v2\/posts\/90457\/revisions"}],"wp:featuredmedia":[{"embeddable":true,"href":"https:\/\/radiosolaris.com.br\/beta\/wp-json\/wp\/v2\/media\/89087"}],"wp:attachment":[{"href":"https:\/\/radiosolaris.com.br\/beta\/wp-json\/wp\/v2\/media?parent=90457"}],"wp:term":[{"taxonomy":"category","embeddable":true,"href":"https:\/\/radiosolaris.com.br\/beta\/wp-json\/wp\/v2\/categories?post=90457"},{"taxonomy":"post_tag","embeddable":true,"href":"https:\/\/radiosolaris.com.br\/beta\/wp-json\/wp\/v2\/tags?post=90457"},{"taxonomy":"powerkit_post_featured","embeddable":true,"href":"https:\/\/radiosolaris.com.br\/beta\/wp-json\/wp\/v2\/powerkit_post_featured?post=90457"}],"curies":[{"name":"wp","href":"https:\/\/api.w.org\/{rel}","templated":true}]}}