{"id":90385,"date":"2022-10-10T13:45:34","date_gmt":"2022-10-10T16:45:34","guid":{"rendered":"https:\/\/radiosolaris.com.br\/beta\/?p=90385"},"modified":"2022-10-10T13:45:39","modified_gmt":"2022-10-10T16:45:39","slug":"show-da-familia-lima-reune-mais-de-15-mil-pessoas-na-feira-do-livro-de-caixas-do-sul","status":"publish","type":"post","link":"https:\/\/radiosolaris.com.br\/beta\/show-da-familia-lima-reune-mais-de-15-mil-pessoas-na-feira-do-livro-de-caixas-do-sul\/","title":{"rendered":"Show da Fam\u00edlia Lima re\u00fane mais de 1,5 mil pessoas na Feira do livro de Caixas do Sul"},"content":{"rendered":"\n<h4 id=\"penultimo-final-de-semana-do-evento-recebeu-mais-de-35-mil-pessoas-e-vendeu-mais-de-9-mil-livros\" class=\"wp-block-heading\">Pen\u00faltimo final de semana do evento recebeu mais de 35 mil pessoas e vendeu mais de 9 mil livros<\/h4>\n\n\n\n<p>Um show que aqueceu os cora\u00e7\u00f5es do p\u00fablico em uma noite fria de primavera em Caxias do Sul. Assim foi o espet\u00e1culo de Lucas, Amon, Moises e Allen, a <em>Fam\u00edlia Lima<\/em>, que animou os presentes na Rua Dr. Montaury, em frente \u00e0 Casa da Cultura. No repert\u00f3rio, cl\u00e1ssicos da m\u00fasica erudita com uma roupagem moderna e mistura de pop, rock e eletr\u00f4nica ao som dos violinos, instrumentos do conjunto que j\u00e1 se apresentou em mais de 13 pa\u00edses.<\/p>\n\n\n\n<p>A intera\u00e7\u00e3o do vocalista Lucas Lima, com o p\u00fablico, foi intensa. \u201cPe\u00e7o desculpas j\u00e1, caso tenhamos algum problema de mobilidade pois estamos com o est\u00f4mago cheio de galeto e polenta, mas o cora\u00e7\u00e3o t\u00e1 repleto de amor tamb\u00e9m\u201d, disse o m\u00fasico que arrancou risos da plateia.<\/p>\n\n\n\n<p>O show integrou o Projeto Cultural III do Circuito Instrumental de M\u00fasica, com realiza\u00e7\u00e3o do Minist\u00e9rio do Turismo por meio da Secretaria Especial da Cultura e contou com a produ\u00e7\u00e3o cultural de Danna Produ\u00e7\u00f5es e patroc\u00ednio das Empresas Randon.<\/p>\n\n\n\n<p>Antes do show, a secret\u00e1ria da Cultura, Aline Zilli, subiu ao palco para saudar os presentes e anunciar a novidade da Secretaria, a agenda cultural da cidade, o \u2018Cultura Caxias\u2019. \u201cA partir de hoje est\u00e1 no ar o \u2018cultura.caxias.rs.gov.br\u2019, um site que cont\u00e9m todas as atra\u00e7\u00f5es culturais realizadas pela Secretaria e por meio da Lei Municipal de Incentivo \u00e0 Cultura. A agenda tem programa\u00e7\u00e3o di\u00e1ria de f\u00e1cil acesso e entendimento das atra\u00e7\u00f5es de m\u00fasica, dan\u00e7a, teatro, literatura, exposi\u00e7\u00f5es art\u00edsticas, feiras, museus e atividades e espa\u00e7os culturais\u201d, revelou ela.<\/p>\n\n\n\n<p>O site, que foi desenvolvido pelo departamento de comunica\u00e7\u00e3o da Secretaria, em breve tamb\u00e9m contar\u00e1 com programa\u00e7\u00f5es culturais de diversos estabelecimentos empresariais e de quem promove cultura em Caxias do Sul. O site tamb\u00e9m pode ser acessado por meio de QR-Code que estar\u00e1 dispon\u00edvel em diversos locais da cidade. \u201cAgora as pessoas podem se conectar, se programar e aproveitar a programa\u00e7\u00e3o art\u00edstica e cultural de nossa cidade, mais uma ferramenta que busca incentivar a todos a terem uma vida cultural repleta de atra\u00e7\u00f5es\u201d, complementou a secret\u00e1ria.<\/p>\n\n\n\n<p>A Feira do Livro, que entra na sua \u00faltima semana, recebeu de sexta (7) at\u00e9 domingo (9), mais de 35 mil pessoas e vendeu mais de 9 mil t\u00edtulos, o que totaliza quase 20 mil livros vendidos em 10 dias de evento.<\/p>\n\n\n\n<p>Nesta ter\u00e7a-feira, \u00e0s 19h, no Teatro Pedro Parenti acontece o Talk show &#8220;Martha Medeiros: das entrelinhas da vida, a inspira\u00e7\u00e3o para o fazer liter\u00e1rio&#8221; com Martha Medeiros, autora de diversos livros como \u201cDoidas e Santas\u201d e \u201cDiv\u00e3\u201d, livro que virou filme estrelado por Lilia Cabral e que lotou salas de cinema em todo o pa\u00eds. O Talk Show ter\u00e1 media\u00e7\u00e3o de Marcos Kirst. Ap\u00f3s, a autora ir\u00e1 autografar seus livros para alguns leitores.<\/p>\n\n\n\n<p>Na quarta-feira (12), feriado de Nossa Senhora Aparecida e Dia das Crian\u00e7as, a programa\u00e7\u00e3o da Feira do Livro est\u00e1 repleta de atra\u00e7\u00f5es para a crian\u00e7ada. A Orquestra Municipal de Sopros apresenta \u201cConcerto Did\u00e1tico de Dia das Crian\u00e7as\u201d, com repert\u00f3rio diversificado contando com tem\u00e1ticas de filmes infantis. O espet\u00e1culo acontece \u00e0s 16h no Teatro Pedro Parenti.<\/p>\n\n\n\n<p>A programa\u00e7\u00e3o da 38\u00aa Feira do Livro de Caxias do Sul, estende-se at\u00e9 o dia 16 de outubro, com atividades gratuitas, na Pra\u00e7a Dante Alighieri, nos espa\u00e7os da Casa da Cultura, do Teatro Municipal Pedro Parenti, da Biblioteca P\u00fablica Municipal Dr. Demetrio Niederauer e da Galeria Municipal de Arte Gerd Bornheim.<\/p>\n\n\n\n<p>A agenda completa pode ser acompanhada pelo Instagram(@feiradolivrocaxiasdosul), pelo Facebook (https:\/\/www.facebook.com\/FeiradoLivrodeCaxiasdoSul) ou pelo site https:\/\/www.feiradolivrocaxias.com\/programacao.<\/p>\n\n\n\n<div class=\"wp-block-group\"><div class=\"wp-block-group__inner-container is-layout-flow wp-block-group-is-layout-flow\">\n<div class=\"wp-block-group\"><div class=\"wp-block-group__inner-container is-layout-flow wp-block-group-is-layout-flow\">\n<figure class=\"wp-block-gallery has-nested-images columns-1 is-cropped wp-block-gallery-1 is-layout-flex wp-block-gallery-is-layout-flex\">\n<figure class=\"wp-block-image size-large\"><a href=\"https:\/\/radiosolaris.com.br\/beta\/wp-content\/uploads\/2022\/10\/IMG_0866-scaled.jpg\"><img  decoding=\"async\"  data-id=\"90388\"  src=\"data:image\/png;base64,iVBORw0KGgoAAAANSUhEUgAAAAEAAAABAQMAAAAl21bKAAAAA1BMVEUAAP+KeNJXAAAAAXRSTlMAQObYZgAAAAlwSFlzAAAOxAAADsQBlSsOGwAAAApJREFUCNdjYAAAAAIAAeIhvDMAAAAASUVORK5CYII=\"  alt=\"\"  class=\"wp-image-90388 pk-lazyload\"  data-pk-sizes=\"auto\"  data-pk-src=\"https:\/\/radiosolaris.com.br\/beta\/wp-content\/uploads\/2022\/10\/IMG_0866-scaled.jpg\" ><\/a><\/figure>\n\n\n\n<figure class=\"wp-block-image size-large\"><a href=\"https:\/\/radiosolaris.com.br\/beta\/wp-content\/uploads\/2022\/10\/IMG_0702-scaled.jpg\"><img  decoding=\"async\"  data-id=\"90387\"  src=\"data:image\/png;base64,iVBORw0KGgoAAAANSUhEUgAAAAEAAAABAQMAAAAl21bKAAAAA1BMVEUAAP+KeNJXAAAAAXRSTlMAQObYZgAAAAlwSFlzAAAOxAAADsQBlSsOGwAAAApJREFUCNdjYAAAAAIAAeIhvDMAAAAASUVORK5CYII=\"  alt=\"\"  class=\"wp-image-90387 pk-lazyload\"  data-pk-sizes=\"auto\"  data-pk-src=\"https:\/\/radiosolaris.com.br\/beta\/wp-content\/uploads\/2022\/10\/IMG_0702-scaled.jpg\" ><\/a><\/figure>\n\n\n\n<figure class=\"wp-block-image size-large\"><a href=\"https:\/\/radiosolaris.com.br\/beta\/wp-content\/uploads\/2022\/10\/IMG_0891-scaled.jpg\"><img  decoding=\"async\"  data-id=\"90386\"  src=\"data:image\/png;base64,iVBORw0KGgoAAAANSUhEUgAAAAEAAAABAQMAAAAl21bKAAAAA1BMVEUAAP+KeNJXAAAAAXRSTlMAQObYZgAAAAlwSFlzAAAOxAAADsQBlSsOGwAAAApJREFUCNdjYAAAAAIAAeIhvDMAAAAASUVORK5CYII=\"  alt=\"\"  class=\"wp-image-90386 pk-lazyload\"  data-pk-sizes=\"auto\"  data-pk-src=\"https:\/\/radiosolaris.com.br\/beta\/wp-content\/uploads\/2022\/10\/IMG_0891-scaled.jpg\" ><\/a><\/figure>\n<\/figure>\n<\/div><\/div>\n<\/div><\/div>\n","protected":false},"excerpt":{"rendered":"<p>Pen\u00faltimo final de semana do evento recebeu mais de 35 mil pessoas e vendeu mais de 9 mil livros Um show que aqueceu os cora\u00e7\u00f5es do p\u00fablico em uma noite&hellip;<\/p>\n","protected":false},"author":13,"featured_media":90387,"comment_status":"closed","ping_status":"closed","sticky":false,"template":"","format":"standard","meta":{"_lmt_disableupdate":"","_lmt_disable":"","footnotes":""},"categories":[14258],"tags":[148,14259,472,8758,992,283,335],"powerkit_post_featured":[],"class_list":{"0":"post-90385","1":"post","2":"type-post","3":"status-publish","4":"format-standard","5":"has-post-thumbnail","7":"category-cultura","8":"tag-caxias-do-sul","9":"tag-familia-lima","10":"tag-feira-do-livro","11":"tag-feira-do-livro-de-caxias-do-sul","12":"tag-serra","13":"tag-serra-gaucha","14":"tag-show"},"modified_by":"Filipe Brogliatto","_links":{"self":[{"href":"https:\/\/radiosolaris.com.br\/beta\/wp-json\/wp\/v2\/posts\/90385","targetHints":{"allow":["GET"]}}],"collection":[{"href":"https:\/\/radiosolaris.com.br\/beta\/wp-json\/wp\/v2\/posts"}],"about":[{"href":"https:\/\/radiosolaris.com.br\/beta\/wp-json\/wp\/v2\/types\/post"}],"author":[{"embeddable":true,"href":"https:\/\/radiosolaris.com.br\/beta\/wp-json\/wp\/v2\/users\/13"}],"replies":[{"embeddable":true,"href":"https:\/\/radiosolaris.com.br\/beta\/wp-json\/wp\/v2\/comments?post=90385"}],"version-history":[{"count":0,"href":"https:\/\/radiosolaris.com.br\/beta\/wp-json\/wp\/v2\/posts\/90385\/revisions"}],"wp:featuredmedia":[{"embeddable":true,"href":"https:\/\/radiosolaris.com.br\/beta\/wp-json\/wp\/v2\/media\/90387"}],"wp:attachment":[{"href":"https:\/\/radiosolaris.com.br\/beta\/wp-json\/wp\/v2\/media?parent=90385"}],"wp:term":[{"taxonomy":"category","embeddable":true,"href":"https:\/\/radiosolaris.com.br\/beta\/wp-json\/wp\/v2\/categories?post=90385"},{"taxonomy":"post_tag","embeddable":true,"href":"https:\/\/radiosolaris.com.br\/beta\/wp-json\/wp\/v2\/tags?post=90385"},{"taxonomy":"powerkit_post_featured","embeddable":true,"href":"https:\/\/radiosolaris.com.br\/beta\/wp-json\/wp\/v2\/powerkit_post_featured?post=90385"}],"curies":[{"name":"wp","href":"https:\/\/api.w.org\/{rel}","templated":true}]}}