{"id":90364,"date":"2022-10-10T09:10:05","date_gmt":"2022-10-10T12:10:05","guid":{"rendered":"https:\/\/radiosolaris.com.br\/beta\/?p=90364"},"modified":"2022-10-10T09:15:58","modified_gmt":"2022-10-10T12:15:58","slug":"nova-roma-do-sul-ja-possui-tema-do-xvii-concurso-literario","status":"publish","type":"post","link":"https:\/\/radiosolaris.com.br\/beta\/nova-roma-do-sul-ja-possui-tema-do-xvii-concurso-literario\/","title":{"rendered":"Nova Roma do Sul j\u00e1 possui tema do XVII Concurso Liter\u00e1rio"},"content":{"rendered":"\n<h4 id=\"norteando-a-producao-artistica-e-literaria-de-toda-e-qualquer-historia-ou-evento-relacionado-a-concepcao-sinonima-objetiva-e-subjetiva-de-oscar-bertholdo\" class=\"wp-block-heading\">Norteando a produ\u00e7\u00e3o art\u00edstica e liter\u00e1ria de toda e qualquer hist\u00f3ria ou evento relacionado \u00e0 concep\u00e7\u00e3o sin\u00f4nima, objetiva e subjetiva de \u201cOscar Bertholdo\u201d<\/h4>\n\n\n\n<p>Compor poesias \u00e9 uma das artes mais sublimes desenvolvidas pelo ser humano. Atrav\u00e9s dela revelam-se sentimentos, mem\u00f3rias, experi\u00eancias, viv\u00eancias t\u00e3o particulares. Irrepet\u00edveis, como diz o pr\u00f3prio Oscar Bertholdo, escritor e homenageado pelo concurso. \u00c9 no jogo de palavras que nascem os poetas, seres sens\u00edveis capazes de transmutar a mais simples das situa\u00e7\u00f5es em algo imortal, in\u00e9dito.<\/p>\n\n\n\n<p>Sempre que refletimos a respeito da tem\u00e1tica cultura, muito pode-se dizer sobre, mas a cultura \u00e9 o que uma sociedade experimenta no dia a dia, \u00e9 fruto de sua hist\u00f3ria, origens, ra\u00edzes e modo de vida. Mas a sociedade moderna, mut\u00e1vel, em que tudo \u00e9 ef\u00eamero, vem mudando valores culturais e sociais com uma velocidade nunca vista antes. S\u00e3o tempos de televis\u00e3o, internet, redes sociais: o que era valor cultural para um grupo pode n\u00e3o ser mais para a gera\u00e7\u00e3o seguinte. Nossa sociedade \u00e9 culturalmente inst\u00e1vel, influenci\u00e1vel.<\/p>\n\n\n\n<p>No rev\u00e9s desta perspectiva \u00e9 que, em 2006, teve in\u00edcio o Concurso Liter\u00e1rio Oscar Bertholdo de Poesia, que desde ent\u00e3o vem proporcionando a viv\u00eancia e o fazer po\u00e9tico ao cotidiano de nossos mun\u00edcipes, das crian\u00e7as das s\u00e9ries iniciais aos jovens do ensino m\u00e9dio, bem como a comunidade em geral.<\/p>\n\n\n\n<p>Neste ano, chegando a sua d\u00e9cima s\u00e9tima edi\u00e7\u00e3o, o concurso prop\u00f5e o tema \u201cOscar Bertholdo\u201d, norteando a produ\u00e7\u00e3o art\u00edstica e liter\u00e1ria de toda e qualquer hist\u00f3ria ou evento relacionado \u00e0 concep\u00e7\u00e3o sin\u00f4nima, objetiva e subjetiva de \u201cOscar Bertholdo\u201d. Sugere-se a abordagem sobre a vida e a obra do poeta Oscar Bertholdo, o olhar sobre suas amadas ra\u00edzes e o legado deixado em Nova Roma do Sul.<\/p>\n\n\n\n<p>Como palavras-chave para o processo criativo indica-se: Oscar Bertholdo, poeta, Semana Oscar Bertholdo de Poesia, Nova Roma do Sul, poesia.&nbsp;<\/p>\n\n\n\n<p>A orienta\u00e7\u00e3o \u00e9 utilizar a pesquisa e a leitura das obras do poeta como est\u00edmulo criativo. Este ano a Semana Oscar Bertholdo chega na sua 31 edi\u00e7\u00e3o, o tema \u00e9 um convite para que se resgate a vida e a obra do poeta que d\u00e1 nome ao evento.&nbsp;<\/p>\n\n\n\n<p>Na categoria Comunidade Desenho, os adultos e os alunos poder\u00e3o expressar sua vis\u00e3o do tema em desenhos autorais.<\/p>\n\n\n\n<p>Se inspirou? Ent\u00e3o acesse o regulamento e os formul\u00e1rios&nbsp;<em><strong><a href=\"https:\/\/www.novaromadosul.rs.gov.br\/downloads.php\">clicando aqui.<\/a><\/strong><\/em>&nbsp;As inscri\u00e7\u00f5es devem ser feitas no per\u00edodo de 30 de setembro \u00e0 04 de novembro de 2022, nas categorias:<\/p>\n\n\n\n<p>-Educa\u00e7\u00e3o Infantil, avaliada pelo quesito desenho;<\/p>\n\n\n\n<p>-1\u00ba e 2\u00ba ano, avaliados pelo quesito desenho;<\/p>\n\n\n\n<p>-3\u00ba e 4\u00ba ano, avaliados pelo quesito desenho;<\/p>\n\n\n\n<p>-5\u00ba e 6\u00ba ano, avaliados pelo quesito poesia;<\/p>\n\n\n\n<p>-7\u00ba, 8\u00ba e 9\u00ba ano, avaliados pelo quesito poesia;<\/p>\n\n\n\n<p>-Ensino M\u00e9dio, avaliados pelo quesito poesia;<\/p>\n\n\n\n<p>-Comunidade Poesia, avaliados pelo quesito poesia.<\/p>\n\n\n\n<p>-Comunidade Desenho, avaliados pelo quesito desenho.<\/p>\n","protected":false},"excerpt":{"rendered":"<p>Norteando a produ\u00e7\u00e3o art\u00edstica e liter\u00e1ria de toda e qualquer hist\u00f3ria ou evento relacionado \u00e0 concep\u00e7\u00e3o sin\u00f4nima, objetiva e subjetiva de \u201cOscar Bertholdo\u201d Compor poesias \u00e9 uma das artes mais&hellip;<\/p>\n","protected":false},"author":21,"featured_media":90368,"comment_status":"closed","ping_status":"closed","sticky":false,"template":"","format":"standard","meta":{"_lmt_disableupdate":"","_lmt_disable":"","footnotes":""},"categories":[14376,83],"tags":[7473,217,14457],"powerkit_post_featured":[],"class_list":{"0":"post-90364","1":"post","2":"type-post","3":"status-publish","4":"format-standard","5":"has-post-thumbnail","7":"category-educacao","8":"category-serra-gaucha","9":"tag-inscricoes-abertas","10":"tag-nova-roma-do-sul","11":"tag-xviiconcurso-literario"},"modified_by":"Ta\u00eds Vargas","_links":{"self":[{"href":"https:\/\/radiosolaris.com.br\/beta\/wp-json\/wp\/v2\/posts\/90364","targetHints":{"allow":["GET"]}}],"collection":[{"href":"https:\/\/radiosolaris.com.br\/beta\/wp-json\/wp\/v2\/posts"}],"about":[{"href":"https:\/\/radiosolaris.com.br\/beta\/wp-json\/wp\/v2\/types\/post"}],"author":[{"embeddable":true,"href":"https:\/\/radiosolaris.com.br\/beta\/wp-json\/wp\/v2\/users\/21"}],"replies":[{"embeddable":true,"href":"https:\/\/radiosolaris.com.br\/beta\/wp-json\/wp\/v2\/comments?post=90364"}],"version-history":[{"count":0,"href":"https:\/\/radiosolaris.com.br\/beta\/wp-json\/wp\/v2\/posts\/90364\/revisions"}],"wp:featuredmedia":[{"embeddable":true,"href":"https:\/\/radiosolaris.com.br\/beta\/wp-json\/wp\/v2\/media\/90368"}],"wp:attachment":[{"href":"https:\/\/radiosolaris.com.br\/beta\/wp-json\/wp\/v2\/media?parent=90364"}],"wp:term":[{"taxonomy":"category","embeddable":true,"href":"https:\/\/radiosolaris.com.br\/beta\/wp-json\/wp\/v2\/categories?post=90364"},{"taxonomy":"post_tag","embeddable":true,"href":"https:\/\/radiosolaris.com.br\/beta\/wp-json\/wp\/v2\/tags?post=90364"},{"taxonomy":"powerkit_post_featured","embeddable":true,"href":"https:\/\/radiosolaris.com.br\/beta\/wp-json\/wp\/v2\/powerkit_post_featured?post=90364"}],"curies":[{"name":"wp","href":"https:\/\/api.w.org\/{rel}","templated":true}]}}