{"id":90331,"date":"2022-10-09T01:06:11","date_gmt":"2022-10-09T04:06:11","guid":{"rendered":"https:\/\/radiosolaris.com.br\/beta\/?p=90331"},"modified":"2022-10-09T01:06:14","modified_gmt":"2022-10-09T04:06:14","slug":"homem-e-preso-apos-agredir-companheira-e-sua-filha-em-flores-da-cunha","status":"publish","type":"post","link":"https:\/\/radiosolaris.com.br\/beta\/homem-e-preso-apos-agredir-companheira-e-sua-filha-em-flores-da-cunha\/","title":{"rendered":"Homem \u00e9 preso ap\u00f3s agredir companheira e sua filha em Flores da Cunha"},"content":{"rendered":"\n<h4 id=\"a-brigada-militar-constatou-que-este-mesmo-homem-ja-possuia-um-mandado-em-aberto\" class=\"wp-block-heading\">A Brigada Militar constatou que este mesmo homem j\u00e1 possu\u00eda um mandado em aberto<\/h4>\n\n\n\n<p>Um homem foi preso por viol\u00eancia dom\u00e9stica por volta das 18h30min deste s\u00e1bado (8) no bairro P\u00e9rola, em Flores da Cunha. Conforme a v\u00edtima, uma mulher de 48 anos, o seu companheiro, um homem de 44 anos, agrediu ela e sua filha, ap\u00f3s voltar para casa embriagado e provocar uma discuss\u00e3o.<\/p>\n\n\n\n<p>Ap\u00f3s a pris\u00e3o, a Brigada Militar (BM) constatou que este mesmo homem j\u00e1 estava na condi\u00e7\u00e3o de foragido da justi\u00e7a por outro crime.<\/p>\n\n\n\n<p><\/p>\n","protected":false},"excerpt":{"rendered":"<p>A Brigada Militar constatou que este mesmo homem j\u00e1 possu\u00eda um mandado em aberto Um homem foi preso por viol\u00eancia dom\u00e9stica por volta das 18h30min deste s\u00e1bado (8) no bairro&hellip;<\/p>\n","protected":false},"author":17,"featured_media":84831,"comment_status":"closed","ping_status":"closed","sticky":false,"template":"","format":"standard","meta":{"_lmt_disableupdate":"","_lmt_disable":"","footnotes":""},"categories":[14234,83],"tags":[4417,158,114,968,303,283],"powerkit_post_featured":[],"class_list":{"0":"post-90331","1":"post","2":"type-post","3":"status-publish","4":"format-standard","5":"has-post-thumbnail","7":"category-seguranca","8":"category-serra-gaucha","9":"tag-bairro-perola","10":"tag-crime","11":"tag-flores-da-cunha","12":"tag-maria-da-penha","13":"tag-prisao","14":"tag-serra-gaucha"},"modified_by":"Igor Panzenhagen","_links":{"self":[{"href":"https:\/\/radiosolaris.com.br\/beta\/wp-json\/wp\/v2\/posts\/90331","targetHints":{"allow":["GET"]}}],"collection":[{"href":"https:\/\/radiosolaris.com.br\/beta\/wp-json\/wp\/v2\/posts"}],"about":[{"href":"https:\/\/radiosolaris.com.br\/beta\/wp-json\/wp\/v2\/types\/post"}],"author":[{"embeddable":true,"href":"https:\/\/radiosolaris.com.br\/beta\/wp-json\/wp\/v2\/users\/17"}],"replies":[{"embeddable":true,"href":"https:\/\/radiosolaris.com.br\/beta\/wp-json\/wp\/v2\/comments?post=90331"}],"version-history":[{"count":0,"href":"https:\/\/radiosolaris.com.br\/beta\/wp-json\/wp\/v2\/posts\/90331\/revisions"}],"wp:featuredmedia":[{"embeddable":true,"href":"https:\/\/radiosolaris.com.br\/beta\/wp-json\/wp\/v2\/media\/84831"}],"wp:attachment":[{"href":"https:\/\/radiosolaris.com.br\/beta\/wp-json\/wp\/v2\/media?parent=90331"}],"wp:term":[{"taxonomy":"category","embeddable":true,"href":"https:\/\/radiosolaris.com.br\/beta\/wp-json\/wp\/v2\/categories?post=90331"},{"taxonomy":"post_tag","embeddable":true,"href":"https:\/\/radiosolaris.com.br\/beta\/wp-json\/wp\/v2\/tags?post=90331"},{"taxonomy":"powerkit_post_featured","embeddable":true,"href":"https:\/\/radiosolaris.com.br\/beta\/wp-json\/wp\/v2\/powerkit_post_featured?post=90331"}],"curies":[{"name":"wp","href":"https:\/\/api.w.org\/{rel}","templated":true}]}}