{"id":90300,"date":"2022-10-09T00:26:52","date_gmt":"2022-10-09T03:26:52","guid":{"rendered":"https:\/\/radiosolaris.com.br\/beta\/?p=90300"},"modified":"2022-10-09T00:26:56","modified_gmt":"2022-10-09T03:26:56","slug":"mutirao-faz-mais-de-2-mil-atendimentos-de-saude-da-mulher-em-caxias-do-sul","status":"publish","type":"post","link":"https:\/\/radiosolaris.com.br\/beta\/mutirao-faz-mais-de-2-mil-atendimentos-de-saude-da-mulher-em-caxias-do-sul\/","title":{"rendered":"<strong>Mutir\u00e3o faz mais de 2 mil atendimentos de Sa\u00fade da Mulher, em Caxias do Sul<\/strong>"},"content":{"rendered":"\n<h4 id=\"acao-deste-sabado-8-que-integra-a-programacao-do-outubro-rosa-tambem-resultou-em-mais-de-1-mil-agendamentos-para-mamografias\" class=\"wp-block-heading\">A\u00e7\u00e3o deste s\u00e1bado (8), que integra a programa\u00e7\u00e3o do Outubro Rosa, tamb\u00e9m resultou em mais de 1 mil agendamentos para mamografias<\/h4>\n\n\n\n<p>O Mutir\u00e3o de Sa\u00fade da Mulher realizado neste s\u00e1bado (8), contabilizou 2.089 atendimentos e 1.076 agendamentos de mamografias. Dentre os atendimentos, foram realizados 1.207 exames preventivos de c\u00e2ncer de colo de \u00fatero (papanicolau), consultas ginecol\u00f3gicas e cl\u00ednicas e procedimentos de odontologia. Todas as Unidades B\u00e1sicas de Sa\u00fade (UBSs) funcionaram das 9h \u00e0s 15h.<\/p>\n\n\n\n<p>As mulheres que n\u00e3o puderam comparecer neste s\u00e1bado para realizar exames podem procurar a UBS de refer\u00eancia. A Secretaria Municipal da Sa\u00fade (SMS) oferta os atendimentos durante todo o ano. S\u00e3o disponibilizadas no Munic\u00edpio, todos os meses, at\u00e9 1,7 mil mamografias pelo SUS.<\/p>\n\n\n\n<p>Em Caxias do Sul, a mamografia \u00e9 realizada em mulheres a partir dos 40 anos de idade, seguindo recomenda\u00e7\u00e3o da Sociedade Brasileira de Mastologia e da Federa\u00e7\u00e3o Brasileira de Ginecologia e Obstetr\u00edcia, enquanto o Minist\u00e9rio da Sa\u00fade garante a partir dos 50 anos. A SMS tamb\u00e9m orienta que todas as mulheres realizem o autoexame e procurem atendimento m\u00e9dico caso encontrem qualquer altera\u00e7\u00e3o na regi\u00e3o das mamas.<\/p>\n\n\n\n<p>A aposentada Diva Sartori Bianchi, de 78 anos, ficou muito contente em ter agendado o exame de mamografia. \u201cFaz 20 anos que n\u00e3o fa\u00e7o esse exame e a gente tem que se cuidar. Fiquei muito feliz em ter conseguido agendar\u201d, disse a moradora do Bairro Esplanada.<\/p>\n\n\n\n<p>As UBSs tamb\u00e9m ofertaram doses de vacinas para crian\u00e7as e adolescentes at\u00e9 14 anos de idade. O levantamento parcial \u00e9 de 1.152 doses aplicadas, sendo 297 contra a poliomielite (doen\u00e7a que pode causar paralisia infantil), 165 contra covid-19 e 690 do calend\u00e1rio vacinal de rotina. A Campanha Nacional de Vacina\u00e7\u00e3o contra a Poliomielite (para crian\u00e7as menores de cinco anos) e a Multivacina\u00e7\u00e3o para Atualiza\u00e7\u00e3o da Caderneta de Vacina\u00e7\u00e3o da Crian\u00e7a e do Adolescente (menores de 15 anos) segue at\u00e9 22 de outubro.<\/p>\n\n\n\n<p><\/p>\n\n\n\n<figure class=\"wp-block-gallery has-nested-images columns-default is-cropped wp-block-gallery-1 is-layout-flex wp-block-gallery-is-layout-flex\">\n<figure class=\"wp-block-image size-large\"><img  decoding=\"async\"  data-id=\"90302\"  src=\"data:image\/png;base64,iVBORw0KGgoAAAANSUhEUgAAAAEAAAABAQMAAAAl21bKAAAAA1BMVEUAAP+KeNJXAAAAAXRSTlMAQObYZgAAAAlwSFlzAAAOxAAADsQBlSsOGwAAAApJREFUCNdjYAAAAAIAAeIhvDMAAAAASUVORK5CYII=\"  alt=\"\"  class=\"wp-image-90302 pk-lazyload\"  data-pk-sizes=\"auto\"  data-pk-src=\"https:\/\/radiosolaris.com.br\/beta\/wp-content\/uploads\/2022\/10\/Mutirao-da-Saude-da-Mulher-08.10.22-Rodrigo-Rossi-01-1160x773.jpg\" ><\/figure>\n<figcaption class=\"blocks-gallery-caption\"><span style=\"text-align: start\">Fotos: Rodrigo Rossi \/ Assessoria <\/span>Prefeitura<\/figcaption><\/figure>\n\n\n\n<p><\/p>\n\n\n\n<p><\/p>\n","protected":false},"excerpt":{"rendered":"<p>A\u00e7\u00e3o deste s\u00e1bado (8), que integra a programa\u00e7\u00e3o do Outubro Rosa, tamb\u00e9m resultou em mais de 1 mil agendamentos para mamografias O Mutir\u00e3o de Sa\u00fade da Mulher realizado neste s\u00e1bado&hellip;<\/p>\n","protected":false},"author":17,"featured_media":90301,"comment_status":"closed","ping_status":"closed","sticky":false,"template":"","format":"standard","meta":{"_lmt_disableupdate":"","_lmt_disable":"","footnotes":""},"categories":[1855,83],"tags":[14442,148,14441,14444,1014,14443,283],"powerkit_post_featured":[],"class_list":{"0":"post-90300","1":"post","2":"type-post","3":"status-publish","4":"format-standard","5":"has-post-thumbnail","7":"category-saude","8":"category-serra-gaucha","9":"tag-cancer-de-colo-de-utero","10":"tag-caxias-do-sul","11":"tag-exame-de-papanicolau","12":"tag-mutirao-de-saude-da-mulher-em-caxias-do-sul","13":"tag-saude","14":"tag-secretaria-de-saude-de-caxias-do-sul","15":"tag-serra-gaucha"},"modified_by":"Igor Panzenhagen","_links":{"self":[{"href":"https:\/\/radiosolaris.com.br\/beta\/wp-json\/wp\/v2\/posts\/90300","targetHints":{"allow":["GET"]}}],"collection":[{"href":"https:\/\/radiosolaris.com.br\/beta\/wp-json\/wp\/v2\/posts"}],"about":[{"href":"https:\/\/radiosolaris.com.br\/beta\/wp-json\/wp\/v2\/types\/post"}],"author":[{"embeddable":true,"href":"https:\/\/radiosolaris.com.br\/beta\/wp-json\/wp\/v2\/users\/17"}],"replies":[{"embeddable":true,"href":"https:\/\/radiosolaris.com.br\/beta\/wp-json\/wp\/v2\/comments?post=90300"}],"version-history":[{"count":0,"href":"https:\/\/radiosolaris.com.br\/beta\/wp-json\/wp\/v2\/posts\/90300\/revisions"}],"wp:featuredmedia":[{"embeddable":true,"href":"https:\/\/radiosolaris.com.br\/beta\/wp-json\/wp\/v2\/media\/90301"}],"wp:attachment":[{"href":"https:\/\/radiosolaris.com.br\/beta\/wp-json\/wp\/v2\/media?parent=90300"}],"wp:term":[{"taxonomy":"category","embeddable":true,"href":"https:\/\/radiosolaris.com.br\/beta\/wp-json\/wp\/v2\/categories?post=90300"},{"taxonomy":"post_tag","embeddable":true,"href":"https:\/\/radiosolaris.com.br\/beta\/wp-json\/wp\/v2\/tags?post=90300"},{"taxonomy":"powerkit_post_featured","embeddable":true,"href":"https:\/\/radiosolaris.com.br\/beta\/wp-json\/wp\/v2\/powerkit_post_featured?post=90300"}],"curies":[{"name":"wp","href":"https:\/\/api.w.org\/{rel}","templated":true}]}}