{"id":90269,"date":"2022-10-07T23:57:37","date_gmt":"2022-10-08T02:57:37","guid":{"rendered":"https:\/\/radiosolaris.com.br\/beta\/?p=90269"},"modified":"2022-10-07T23:57:40","modified_gmt":"2022-10-08T02:57:40","slug":"feira-do-livro-ja-recebeu-mais-de-50-mil-visitantes-em-caxias-do-sul","status":"publish","type":"post","link":"https:\/\/radiosolaris.com.br\/beta\/feira-do-livro-ja-recebeu-mais-de-50-mil-visitantes-em-caxias-do-sul\/","title":{"rendered":"Feira do Livro j\u00e1 recebeu mais de 50 mil visitantes em Caxias do Sul"},"content":{"rendered":"\n<h4 id=\"mais-de-10-mil-livros-foram-comercializados-na-praca-dante-alighieri-ate-a-quinta-feira-6\" class=\"wp-block-heading\">Mais de 10 mil livros foram comercializados na Pra\u00e7a Dante Alighieri at\u00e9 a quinta-feira (6)<\/h4>\n\n\n\n<p>Em uma semana de Feira do livro os livreiros comemoram os resultados que j\u00e1 superam outras edi\u00e7\u00f5es da Feira, o que \u00e9 positivo, segundo a coordena\u00e7\u00e3o do evento. \u201cNossa avalia\u00e7\u00e3o \u00e9 que para uma feira de retomada de atividades presenciais p\u00f3s-pandemia, est\u00e1 tendo boa ades\u00e3o e o p\u00fablico est\u00e1 bem participativo\u201d, comenta C\u00e1ssio Immig, diretor do Livro, Literatura e Leitura (DLLL) e coordenadora da Feira do Livro de Caxias do Sul.<\/p>\n\n\n\n<p>Segundo a presidente da Associa\u00e7\u00e3o dos Livreiros Caxiense (Alca), Maria Helena Lacava, todos os livreiros est\u00e3o otimistas para encerrar a Feira do livro de 2022 com boas vendas. \u201cA expectativa \u00e9 que neste final de semana com o show da Fam\u00edlia Lima tenhamos mais p\u00fablico na Feira e por consequ\u00eancia mais livros vendidos\u201d, comenta a presidente da (ALCA).<\/p>\n\n\n\n<p>At\u00e9 quinta-feira (6), mais de 3 mil alunos de escolas de ensino fundamental passaram pelo Passaporte da Leitura, com conta\u00e7\u00e3o de hist\u00f3rias dos autores de livros participantes desta edi\u00e7\u00e3o do programa. Os alunos tamb\u00e9m visitaram as bancas na Feira e participaram de diversas atividades no palco principal.<\/p>\n\n\n\n<p><\/p>\n\n\n\n<figure class=\"wp-block-gallery has-nested-images columns-default is-cropped wp-block-gallery-1 is-layout-flex wp-block-gallery-is-layout-flex\">\n<figure class=\"wp-block-image size-large\"><img  decoding=\"async\"  data-id=\"90274\"  src=\"data:image\/png;base64,iVBORw0KGgoAAAANSUhEUgAAAAEAAAABAQMAAAAl21bKAAAAA1BMVEUAAP+KeNJXAAAAAXRSTlMAQObYZgAAAAlwSFlzAAAOxAAADsQBlSsOGwAAAApJREFUCNdjYAAAAAIAAeIhvDMAAAAASUVORK5CYII=\"  alt=\"\"  class=\"wp-image-90274 pk-lazyload\"  data-pk-sizes=\"auto\"  data-pk-src=\"https:\/\/radiosolaris.com.br\/beta\/wp-content\/uploads\/2022\/10\/Feira-do-Livro-1-1160x773.jpg\" ><\/figure>\n<\/figure>\n\n\n\n<p>Pela primeira vez na Feira de Caxias do Sul, J\u00e9ssica Costa Louren\u00e7o e a fam\u00edlia estiveram na pra\u00e7a Dante Alighieri para conhecer a Feira e adquirir livros para a filha. \u201cEstamos curtindo a Feira, achando bem interessante. Na sess\u00e3o infantil t\u00eam muitas op\u00e7\u00f5es de leitura e estou feliz por ter encontrado os tr\u00eas livros que eu estava procurando,\u201d destacou a leitora.<\/p>\n\n\n\n<p><\/p>\n\n\n\n<figure class=\"wp-block-gallery has-nested-images columns-default is-cropped wp-block-gallery-2 is-layout-flex wp-block-gallery-is-layout-flex\">\n<figure class=\"wp-block-image size-large\"><img  decoding=\"async\"  data-id=\"90273\"  src=\"data:image\/png;base64,iVBORw0KGgoAAAANSUhEUgAAAAEAAAABAQMAAAAl21bKAAAAA1BMVEUAAP+KeNJXAAAAAXRSTlMAQObYZgAAAAlwSFlzAAAOxAAADsQBlSsOGwAAAApJREFUCNdjYAAAAAIAAeIhvDMAAAAASUVORK5CYII=\"  alt=\"\"  class=\"wp-image-90273 pk-lazyload\"  data-pk-sizes=\"auto\"  data-pk-src=\"https:\/\/radiosolaris.com.br\/beta\/wp-content\/uploads\/2022\/10\/Feira-do-Livro-4-1160x773.jpg\" ><\/figure>\n<\/figure>\n\n\n\n<p>Quem trabalha nas bancas de livros est\u00e1 bem satisfeito com o movimento e a a busca por t\u00edtulos.<br>\u201c\u00c9 o meu primeiro ano trabalhando na Feira, primeira experi\u00eancia e tem sido bem bacana. A Do Arco da Velha tem tr\u00eas bancas, a nossa \u00e9 a infantil. \u00c9 um desafio muito grande para atender todo mundo, principalmente quando chega bastante gente, a\u00ed nos organizamos, mas \u00e9 bem legal e est\u00e1 tendo bastante movimento. O mais legal ainda \u00e9 ver as crian\u00e7as se interessando pelo universo dos livros e \u00e9 muito bacana o incentivo de trazer eles at\u00e9 aqui. Estou adorando estar aqui na Feira,\u201d destaca Victoria Dutra Pereira, que est\u00e1 trabalhando na banca Do Arco da Velha.<\/p>\n\n\n\n<p>A secret\u00e1ria da Cultura, Aline Zilli, v\u00ea com otimismo os bons n\u00fameros da Feira \u201cEstamos contentes com o p\u00fablico que est\u00e1 prestigiando a Feira do Livro e esperamos todos na Pra\u00e7a Dante Alighieri para curtir as diversas atra\u00e7\u00f5es da Feira at\u00e9 o dia 16 de outubro. Refor\u00e7o que neste domingo teremos o show nacional com a Fam\u00edlia Lima, uma oportunidade de espet\u00e1culo para todas as idades\u201d, comenta Aline.<\/p>\n\n\n\n<p>O show da Fam\u00edlia Lima, que tem oferecimento do Grupo Randon, acontecer\u00e1 neste domingo (9) \u00e0s 19h30min na Rua Dr. Montaury, em frete a Casa da Cultura.<\/p>\n\n\n\n<p>A programa\u00e7\u00e3o da 38 Feira do Livro de Caxias do Sul, estende-se at\u00e9 o dia 16 de outubro, com atividades gratuitas, na Pra\u00e7a Dante Alighieri, nos espa\u00e7os da Casa da Cultura, do Teatro Municipal Pedro Parenti, da Biblioteca P\u00fablica Municipal Dr. Demetrio Niederauer e da Galeria Municipal de Arte Gerd Bornheim.<\/p>\n\n\n\n<p>A agenda completa est\u00e1 <a href=\"https:\/\/www.feiradolivrocaxias.com\/programacao\">dispon\u00edvel no site. <\/a><\/p>\n\n\n\n<p><\/p>\n\n\n\n<figure class=\"wp-block-gallery has-nested-images columns-default is-cropped wp-block-gallery-3 is-layout-flex wp-block-gallery-is-layout-flex\">\n<figure class=\"wp-block-image size-large\"><a href=\"https:\/\/radiosolaris.com.br\/beta\/wp-content\/uploads\/2022\/10\/Feira-do-Livro-5-scaled.jpg\"><img  decoding=\"async\"  data-id=\"90271\"  src=\"data:image\/png;base64,iVBORw0KGgoAAAANSUhEUgAAAAEAAAABAQMAAAAl21bKAAAAA1BMVEUAAP+KeNJXAAAAAXRSTlMAQObYZgAAAAlwSFlzAAAOxAAADsQBlSsOGwAAAApJREFUCNdjYAAAAAIAAeIhvDMAAAAASUVORK5CYII=\"  alt=\"\"  class=\"wp-image-90271 pk-lazyload\"  data-pk-sizes=\"auto\"  data-pk-src=\"https:\/\/radiosolaris.com.br\/beta\/wp-content\/uploads\/2022\/10\/Feira-do-Livro-5-1160x773.jpg\" ><\/a><\/figure>\n<figcaption class=\"blocks-gallery-caption\"><span style=\"font-family: arial, helvetica, sans-serif;font-size: 13.3333px;text-align: left\">Fotos: Tati\u00e9li Sperry<\/span><\/figcaption><\/figure>\n\n\n\n<figure class=\"wp-block-gallery has-nested-images columns-default is-cropped wp-block-gallery-4 is-layout-flex wp-block-gallery-is-layout-flex\"><figcaption class=\"blocks-gallery-caption\"><span style=\"font-family: arial, helvetica, sans-serif;font-size: 13.3333px;text-align: left\">Fotos: Tati\u00e9li Sperry<\/span><\/figcaption><\/figure>\n\n\n\n<p><\/p>\n","protected":false},"excerpt":{"rendered":"<p>Mais de 10 mil livros foram comercializados na Pra\u00e7a Dante Alighieri at\u00e9 a quinta-feira (6) Em uma semana de Feira do livro os livreiros comemoram os resultados que j\u00e1 superam&hellip;<\/p>\n","protected":false},"author":17,"featured_media":90272,"comment_status":"closed","ping_status":"closed","sticky":false,"template":"","format":"standard","meta":{"_lmt_disableupdate":"","_lmt_disable":"","footnotes":""},"categories":[14258,83],"tags":[11903,148,472,14435,14432,283,14433,14434],"powerkit_post_featured":[],"class_list":{"0":"post-90269","1":"post","2":"type-post","3":"status-publish","4":"format-standard","5":"has-post-thumbnail","7":"category-cultura","8":"category-serra-gaucha","9":"tag-38a-feira-do-livro-de-caxias-do-sul","10":"tag-caxias-do-sul","11":"tag-feira-do-livro","12":"tag-livros-vendidos-na-feira-do-livro","13":"tag-programacao-da-feira-do-livro","14":"tag-serra-gaucha","15":"tag-show-com-familia-lima","16":"tag-venda-de-livros"},"modified_by":"Igor Panzenhagen","_links":{"self":[{"href":"https:\/\/radiosolaris.com.br\/beta\/wp-json\/wp\/v2\/posts\/90269","targetHints":{"allow":["GET"]}}],"collection":[{"href":"https:\/\/radiosolaris.com.br\/beta\/wp-json\/wp\/v2\/posts"}],"about":[{"href":"https:\/\/radiosolaris.com.br\/beta\/wp-json\/wp\/v2\/types\/post"}],"author":[{"embeddable":true,"href":"https:\/\/radiosolaris.com.br\/beta\/wp-json\/wp\/v2\/users\/17"}],"replies":[{"embeddable":true,"href":"https:\/\/radiosolaris.com.br\/beta\/wp-json\/wp\/v2\/comments?post=90269"}],"version-history":[{"count":0,"href":"https:\/\/radiosolaris.com.br\/beta\/wp-json\/wp\/v2\/posts\/90269\/revisions"}],"wp:featuredmedia":[{"embeddable":true,"href":"https:\/\/radiosolaris.com.br\/beta\/wp-json\/wp\/v2\/media\/90272"}],"wp:attachment":[{"href":"https:\/\/radiosolaris.com.br\/beta\/wp-json\/wp\/v2\/media?parent=90269"}],"wp:term":[{"taxonomy":"category","embeddable":true,"href":"https:\/\/radiosolaris.com.br\/beta\/wp-json\/wp\/v2\/categories?post=90269"},{"taxonomy":"post_tag","embeddable":true,"href":"https:\/\/radiosolaris.com.br\/beta\/wp-json\/wp\/v2\/tags?post=90269"},{"taxonomy":"powerkit_post_featured","embeddable":true,"href":"https:\/\/radiosolaris.com.br\/beta\/wp-json\/wp\/v2\/powerkit_post_featured?post=90269"}],"curies":[{"name":"wp","href":"https:\/\/api.w.org\/{rel}","templated":true}]}}