{"id":90212,"date":"2022-10-07T14:44:31","date_gmt":"2022-10-07T17:44:31","guid":{"rendered":"https:\/\/radiosolaris.com.br\/beta\/?p=90212"},"modified":"2022-10-07T14:44:34","modified_gmt":"2022-10-07T17:44:34","slug":"ubss-de-caxias-realizam-atividades-voltadas-ao-bem-estar-do-idoso","status":"publish","type":"post","link":"https:\/\/radiosolaris.com.br\/beta\/ubss-de-caxias-realizam-atividades-voltadas-ao-bem-estar-do-idoso\/","title":{"rendered":"UBSs de Caxias realizam atividades voltadas ao bem-estar do idoso"},"content":{"rendered":"\n<h4 id=\"acoes-ocorrem-durante-todo-o-mes-de-outubro-quando-e-celebrado-o-mes-do-idoso\" class=\"wp-block-heading\">A\u00e7\u00f5es ocorrem durante todo o m\u00eas de outubro, quando \u00e9 celebrado o M\u00eas do Idoso<\/h4>\n\n\n\n<p>As Unidades B\u00e1sicas de Sa\u00fade (UBSs) de Caxias do Sul realizam, em outubro, atividades alusivas ao M\u00eas do Idoso. S\u00e3o a\u00e7\u00f5es como palestras, oficinas, presta\u00e7\u00e3o de informa\u00e7\u00f5es de sa\u00fade em salas de espera e outros.<\/p>\n\n\n\n<p>Uma das a\u00e7\u00f5es j\u00e1 realizadas foi uma oficina de envelhecimento ativo promovida pela UBS F\u00e1tima Alta na pra\u00e7a do bairro, localizada ao lado da Unidade. Os idosos realizaram alongamentos e outros exerc\u00edcios com o aux\u00edlio de professora e acad\u00eamicas de fisioterapia da Universidade de Caxias do Sul (UCS), al\u00e9m de profissionais da UBS. Essa mesma Unidade tamb\u00e9m promover\u00e1, nas quartas-feiras de outubro, verifica\u00e7\u00e3o de press\u00e3o, alongamento e caminhada orientada.<\/p>\n\n\n\n<p>Tamb\u00e9m nesta semana, ocorreram roda de conversa sobre uso de adequado de medicamentos realizada pela UBS Cruzeiro; palestra sobre autocuidado promovida pela UBS Gal\u00f3polis; roda de conversa sobre uso de ch\u00e1s, organizada pela UBS Fazenda Souza, dentre outras, como salas de espera e distribui\u00e7\u00e3o de material informativo.<\/p>\n\n\n\n<p>Todas as a\u00e7\u00f5es foram programadas por cada UBS, com o objetivo de proporcionar momentos de bem-estar e compartilhamento de informa\u00e7\u00f5es importantes para a popula\u00e7\u00e3o idosa.<\/p>\n\n\n\n<p><strong>Confira o servi\u00e7o com as principais a\u00e7\u00f5es previstas para o restante do m\u00eas:<\/strong><\/p>\n\n\n\n<p>Dia: quartas-feiras de outubro<br>Hor\u00e1rio: 8h<br>Atividade: oficina Caminhada Orientada, promovida pela UBS F\u00e1tima Alta.<br>Local: em frente \u00e0 UBS F\u00e1tima Alta.<\/p>\n\n\n\n<p>Dia: 11\/10<br>Hor\u00e1rio: 14h \u00e0s 16h<br>Atividade: roda de conversa sobre Lutos da Vida, promovida pela UBS F\u00e1tima Baixa.<br>Local: UBS F\u00e1tima Baixa.<\/p>\n\n\n\n<p>Dia: 13\/10<br>Hor\u00e1rio: 9h30min<br>Atividade: roda de conversa com acad\u00eamica de fisioterapia, promovida pela UBS F\u00e1tima Alta.<br>Local: igreja Cat\u00f3lica do bairro.<\/p>\n\n\n\n<p>Dia: 18\/10<br>Hor\u00e1rio: 14h<br>Atividade: roda de conversa sobre o uso adequado de medicamentos, promovida pela UBS Cruzeiro.<br>Local: m\u00f3dulo da Brigada Militar ao lado da UBS Cruzeiro.<\/p>\n\n\n\n<p>Dia: 18\/10<br>Hor\u00e1rio: 9h<br>Atividade: oficina sobre ch\u00e1s, fitoter\u00e1picos, infus\u00f5es e tinturas, promovida pela UBS Rio Branco.<br>Local: UBS Rio Branco.<\/p>\n\n\n\n<p>Dia: 19\/10<br>Hor\u00e1rio: a partir das 13h30<br>Atividades comemorativas aos 20 anos da UBS Vila Cristina: palestra sa\u00fade bucal no idoso, exerc\u00edcios de fisioterapia e reiki, alongamento, apresenta\u00e7\u00e3o de m\u00fasica com pessoas da comunidade<br>Local: UBS Vila Cristina<\/p>\n\n\n\n<p>Dia: 19\/10<br>Hor\u00e1rio: 14h<br>Atividade: roda de conversa sobre autoestima e autocuidado na terceira idade, promovida pela UBS Esplanada.<br>Local: Sal\u00e3o Paroquial S\u00e3o Judas Tadeu.<\/p>\n\n\n\n<p>Dia: 19\/10<br>Hor\u00e1rio: 14h30min<br>Atividade: bingo comemorativo, promovido pela UBS F\u00e1tima Alta.<br>Local: UBS F\u00e1tima Alta.<\/p>\n\n\n\n<p>Dia: 20\/10<br>Atividade: testes r\u00e1pidos de Infec\u00e7\u00e3o Sexualmente Transmiss\u00edvel (IST), previamente agendados, realizados pela UBS F\u00e1tima Baixa.<br>Local: UBS F\u00e1tima Baixa.<\/p>\n\n\n\n<p>Dia: 20\/10<br>Hor\u00e1rio: 14h30min<br>Atividade: oficina de ioga e relaxamento (previamente agendada), promovida pela UBS Cinquenten\u00e1rio.<br>Local: UBS Cinquenten\u00e1rio.<\/p>\n\n\n\n<p>Dia: 20\/10<br>Hor\u00e1rio: 13h30min<br>Atividade: roda de conversa, avalia\u00e7\u00e3o multidimensional e preenchimento da caderneta do idoso, distribui\u00e7\u00e3o de mudas e exposi\u00e7\u00e3o de trabalhos realizados por mulheres da comunidade, promovida pela UBS Parque O\u00e1sis.<br>Local: UBS Parque O\u00e1sis.<\/p>\n\n\n\n<p>Dia: 21\/10<br>Hor\u00e1rio: 14h<br>Atividade: oficina de ch\u00e1s e sucos, promovida pela UBS Campos da Serra.<br>Local: UBS Campos da Serra.<\/p>\n\n\n\n<p>Dia: 24\/10<br>Hor\u00e1rio: 9h30min<br>Atividade: palestra sobre a nutri\u00e7\u00e3o na terceira idade, promovida pela UBS Serrano.<br>Local: UBS Serrano.<\/p>\n\n\n\n<p>Dia: 25\/10<br>Hor\u00e1rio: 14h30min at\u00e9 16h30min<br>Atividade: baile do idoso com in\u00edcio do grupo de conversa Conviver com Sa\u00fade, promovido pela UBS Belo Horizonte.<br>Local: UBS Centro Comunit\u00e1rio Belo Horizonte.<\/p>\n\n\n\n<p>Dia: 25\/10<br>Hor\u00e1rio: 9h30min<br>Atividade: oficina de bolsas de sementes, promovida pela UBS F\u00e1tima Alta.<br>Local: UBS F\u00e1tima Alta.<\/p>\n\n\n\n<p>Dia: 25\/10<br>Hor\u00e1rio: 13h30min<br>Atividade: Dia da Beleza com massagem, limpeza de pele, manicure e palestra sobre sa\u00fade do idoso, promovido pela UBS S\u00e3o Caetano.<br>Local: sal\u00e3o comunit\u00e1rio ao lado da Igreja S\u00e3o Caetano.<\/p>\n\n\n\n<p>Dia: 26\/10<br>Hor\u00e1rio: 10h<br>Atividade: oficina Envelhecimento Ativo, promovida pela UBS F\u00e1tima Alta.<br>Local: pra\u00e7a atr\u00e1s da UBS F\u00e1tima Alta.<\/p>\n\n\n\n<p>Dia: 26\/10<br>Hor\u00e1rio: 9h30min<br>Atividade: roda de conversa sobre queixas da sa\u00fade feminina na terceira idade, promovida pela UBS Serrano.<br>Local: UBS Serrano.<\/p>\n\n\n\n<p>Dia: 27\/10<br>Hor\u00e1rio: 14h<br>Atividade: oficina com din\u00e2micas voltadas \u00e0 celebra\u00e7\u00e3o da vida, promovida pela UBS Vila Ip\u00ea.<br>Local: sal\u00e3o da escola S\u00e3o Francisco de Assis.<\/p>\n\n\n\n<p>Dia: 27\/10<br>Hor\u00e1rio: 14h<br>Atividade: roda de conversa sobre doen\u00e7as cr\u00f4nicas e medicamentos de uso cont\u00ednuo, promovida pela UBS Serrano.<br>Local: UBS Serrano.<\/p>\n\n\n\n<p>Dia: 27\/10<br>Hor\u00e1rio: 14h30min<br>Atividade: oficina de design de sobrancelhas (previamente agendada), promovida pela UBS Cinquenten\u00e1rio.<br>Local: UBS Cinquenten\u00e1rio.<\/p>\n\n\n\n<p><\/p>\n\n\n\n<p><\/p>\n\n\n\n<figure class=\"wp-block-image size-full\"><img  loading=\"lazy\"  decoding=\"async\"  width=\"960\"  height=\"1280\"  src=\"data:image\/png;base64,iVBORw0KGgoAAAANSUhEUgAAAAEAAAABAQMAAAAl21bKAAAAA1BMVEUAAP+KeNJXAAAAAXRSTlMAQObYZgAAAAlwSFlzAAAOxAAADsQBlSsOGwAAAApJREFUCNdjYAAAAAIAAeIhvDMAAAAASUVORK5CYII=\"  alt=\"\"  class=\"wp-image-90213 pk-lazyload\"  data-pk-sizes=\"auto\"  data-pk-src=\"https:\/\/radiosolaris.com.br\/beta\/wp-content\/uploads\/2022\/10\/Roda-de-conversa-Cruzeiro.jpeg\" ><figcaption>Cr\u00e9ditos fotos:<br>Roda-de-conversa-Cruzeiro: Roberta Gotardo<br>Bet\u00e2nia Ramalho da Silva<\/figcaption><\/figure>\n","protected":false},"excerpt":{"rendered":"<p>A\u00e7\u00f5es ocorrem durante todo o m\u00eas de outubro, quando \u00e9 celebrado o M\u00eas do Idoso As Unidades B\u00e1sicas de Sa\u00fade (UBSs) de Caxias do Sul realizam, em outubro, atividades alusivas&hellip;<\/p>\n","protected":false},"author":19,"featured_media":90214,"comment_status":"closed","ping_status":"closed","sticky":false,"template":"","format":"standard","meta":{"_lmt_disableupdate":"","_lmt_disable":"","footnotes":""},"categories":[1,1855,83],"tags":[148,1468,471,1014,283,2526],"powerkit_post_featured":[],"class_list":{"0":"post-90212","1":"post","2":"type-post","3":"status-publish","4":"format-standard","5":"has-post-thumbnail","7":"category-geral","8":"category-saude","9":"category-serra-gaucha","10":"tag-caxias-do-sul","11":"tag-dia-do-idoso","12":"tag-programacao","13":"tag-saude","14":"tag-serra-gaucha","15":"tag-ubss"},"modified_by":"Luciano Pettorini","_links":{"self":[{"href":"https:\/\/radiosolaris.com.br\/beta\/wp-json\/wp\/v2\/posts\/90212","targetHints":{"allow":["GET"]}}],"collection":[{"href":"https:\/\/radiosolaris.com.br\/beta\/wp-json\/wp\/v2\/posts"}],"about":[{"href":"https:\/\/radiosolaris.com.br\/beta\/wp-json\/wp\/v2\/types\/post"}],"author":[{"embeddable":true,"href":"https:\/\/radiosolaris.com.br\/beta\/wp-json\/wp\/v2\/users\/19"}],"replies":[{"embeddable":true,"href":"https:\/\/radiosolaris.com.br\/beta\/wp-json\/wp\/v2\/comments?post=90212"}],"version-history":[{"count":0,"href":"https:\/\/radiosolaris.com.br\/beta\/wp-json\/wp\/v2\/posts\/90212\/revisions"}],"wp:featuredmedia":[{"embeddable":true,"href":"https:\/\/radiosolaris.com.br\/beta\/wp-json\/wp\/v2\/media\/90214"}],"wp:attachment":[{"href":"https:\/\/radiosolaris.com.br\/beta\/wp-json\/wp\/v2\/media?parent=90212"}],"wp:term":[{"taxonomy":"category","embeddable":true,"href":"https:\/\/radiosolaris.com.br\/beta\/wp-json\/wp\/v2\/categories?post=90212"},{"taxonomy":"post_tag","embeddable":true,"href":"https:\/\/radiosolaris.com.br\/beta\/wp-json\/wp\/v2\/tags?post=90212"},{"taxonomy":"powerkit_post_featured","embeddable":true,"href":"https:\/\/radiosolaris.com.br\/beta\/wp-json\/wp\/v2\/powerkit_post_featured?post=90212"}],"curies":[{"name":"wp","href":"https:\/\/api.w.org\/{rel}","templated":true}]}}