{"id":90155,"date":"2022-10-06T18:34:37","date_gmt":"2022-10-06T21:34:37","guid":{"rendered":"https:\/\/radiosolaris.com.br\/beta\/?p=90155"},"modified":"2022-10-06T18:34:39","modified_gmt":"2022-10-06T21:34:39","slug":"empresario-eliseo-marin-e-o-mais-novo-cidadao-caxiense","status":"publish","type":"post","link":"https:\/\/radiosolaris.com.br\/beta\/empresario-eliseo-marin-e-o-mais-novo-cidadao-caxiense\/","title":{"rendered":"Empres\u00e1rio Eliseo Marin \u00e9 o mais novo Cidad\u00e3o Caxiense"},"content":{"rendered":"\n<h4 id=\"nascido-na-vila-de-nova-padua-a-epoca-distrito-do-municipio-de-flores-da-cunha-marin-e-proprietario-do-buffet-aristocrata\" class=\"wp-block-heading\">Nascido na Vila de Nova P\u00e1dua, \u00e0 \u00e9poca distrito do munic\u00edpio de Flores da Cunha, Marin \u00e9 propriet\u00e1rio do Buffet Aristocrata<\/h4>\n\n\n\n<p>O empres\u00e1rio Eliseo Marin \u00e9 o mais novo Cidad\u00e3o Caxiense. Em sess\u00e3o solene da C\u00e2mara Municipal de Caxias do Sul, realizada na noite desta quarta-feira (5), o propriet\u00e1rio obteve o reconhecimento do Legislativo. Nas \u00faltimas d\u00e9cadas, o empreendedor tem se destacado \u00e0 frente do Buffet Aristocrata.<\/p>\n\n\n\n<p>Na condu\u00e7\u00e3o da cerim\u00f4nia, estava a vice-presidente do Parlamento, vereadora Tatiane Frizzo. A proposi\u00e7\u00e3o da homenagem coube \u00e0 vereadora Marisol Santos. O ato contou com a presen\u00e7a da vice-prefeita municipal, Paula Ioris.<\/p>\n\n\n\n<p>De acordo com a vereadora Marisol, Marin qualificou o ramo da gastronomia local, cujo conceito se expandiu para outras cidades. Declarou-se orgulhosa pela oportunidade, de homenagear essa personalidade, cujo carinho dos pr\u00f3prios funcion\u00e1rios ficou evidenciado em v\u00eddeo, exibido durante a solenidade.<\/p>\n\n\n\n<p>Depois de receber o diploma de Cidad\u00e3o Caxiense, Marin dirigiu-se \u00e0 tribuna, para breves agradecimentos. Mostrou-se grato aos colaboradores do restaurante. \u201cVoc\u00eas sempre deram respaldo ao nosso trabalho\u201d, afirmou. Comemorou o fato de o Aristocrata ter mantido reputa\u00e7\u00e3o.<\/p>\n\n\n\n<p>A vice-prefeita transmitiu os cumprimentos do prefeito Adil\u00f3 Didomenico. Ressaltou que, entre os agraciados com o t\u00edtulo de Cidad\u00e3o Caxiense, o empreendedorismo costuma ser uma das maiores marcas.<\/p>\n\n\n\n<p><\/p>\n\n\n\n<p><strong>Saiba mais sobre Eliseo Marin<\/strong><\/p>\n\n\n\n<p>Eliseo Marin nasceu em 23 de agosto de 1946, na Vila de Nova P\u00e1dua, \u00e0 \u00e9poca distrito do munic\u00edpio de Flores da Cunha. Aos 9 anos de idade, mudou-se para Caxias do Sul, em busca do sonho de estudar. A religiosidade da fam\u00edlia o fez cursar no Semin\u00e1rio Paulino \u2013 Pia Sociedade S\u00e3o Paulo \u2013 atualmente chamado Paulus. Depois de concluir o Ensino M\u00e9dio, mudou-se para Osasco-SP, a fim de iniciar estudos em Filosofia, na mesma congrega\u00e7\u00e3o. Alguns anos depois, longe do sacerd\u00f3cio, retornou para Caxias, onde cursou Direito na Universidade de Caxias do Sul (UCS). Em 17 de dezembro de 1970, formou-se como bacharel, em Ci\u00eancias Jur\u00eddicas e Sociais.<\/p>\n\n\n\n<p>No ano de 1975, junto \u00e0 sede social do Clube Juvenil, e fundou o Restaurante Juvenil Ltda, o conhecido Buffet Aristocrata. Surge, ent\u00e3o, sua trajet\u00f3ria de empreendedor no ramo de gastronomia e eventos, pelo Rio Grande do Sul. Nos anos 1980, o Buffet Aristocrata j\u00e1 realizava eventos nos sal\u00f5es do Clube Juvenil. Sob a coordena\u00e7\u00e3o de Eliseo, o restaurante realizou in\u00fameros eventos na sociedade caxiense que marcaram a hist\u00f3ria da cidade.<\/p>\n\n\n\n<p>Em 2020, o Buffet Aristocrata, ap\u00f3s quase 50 anos no mesmo espa\u00e7o, mudou-se para um local hist\u00f3rico de Caxias do Sul: o Palacete Eberle. O pr\u00e9dio \u00e9 conhecido como castelinho e era a resid\u00eancia da fam\u00edlia de Abramo Eberle, um dos pioneiros da industrializa\u00e7\u00e3o ga\u00facha.<\/p>\n\n\n\n<p><\/p>\n\n\n\n<figure class=\"wp-block-gallery has-nested-images columns-default is-cropped wp-block-gallery-1 is-layout-flex wp-block-gallery-is-layout-flex\">\n<figure class=\"wp-block-image size-large\"><a href=\"https:\/\/radiosolaris.com.br\/beta\/wp-content\/uploads\/2022\/10\/AGAB_9765-scaled.jpg\"><img  decoding=\"async\"  data-id=\"90156\"  src=\"data:image\/png;base64,iVBORw0KGgoAAAANSUhEUgAAAAEAAAABAQMAAAAl21bKAAAAA1BMVEUAAP+KeNJXAAAAAXRSTlMAQObYZgAAAAlwSFlzAAAOxAAADsQBlSsOGwAAAApJREFUCNdjYAAAAAIAAeIhvDMAAAAASUVORK5CYII=\"  alt=\"\"  class=\"wp-image-90156 pk-lazyload\"  data-pk-sizes=\"auto\"  data-pk-src=\"https:\/\/radiosolaris.com.br\/beta\/wp-content\/uploads\/2022\/10\/AGAB_9765-1160x772.jpg\" ><\/a><\/figure>\n<figcaption class=\"blocks-gallery-caption\">Foto: Gabriel Lain\/Assessoria C\u00e2mara<\/figcaption><\/figure>\n","protected":false},"excerpt":{"rendered":"<p>Nascido na Vila de Nova P\u00e1dua, \u00e0 \u00e9poca distrito do munic\u00edpio de Flores da Cunha, Marin \u00e9 propriet\u00e1rio do Buffet Aristocrata O empres\u00e1rio Eliseo Marin \u00e9 o mais novo Cidad\u00e3o&hellip;<\/p>\n","protected":false},"author":17,"featured_media":90156,"comment_status":"closed","ping_status":"closed","sticky":false,"template":"","format":"standard","meta":{"_lmt_disableupdate":"","_lmt_disable":"","footnotes":""},"categories":[83],"tags":[14401,14404,148,12806,14403,167,283],"powerkit_post_featured":[],"class_list":{"0":"post-90155","1":"post","2":"type-post","3":"status-publish","4":"format-standard","5":"has-post-thumbnail","7":"category-serra-gaucha","8":"tag-buffet-aristocrata","9":"tag-camara-municipal-de-caxias-do-sul","10":"tag-caxias-do-sul","11":"tag-cidadao-caxiense","12":"tag-eliseo-marin","13":"tag-nova-padua","14":"tag-serra-gaucha"},"modified_by":"Igor Panzenhagen","_links":{"self":[{"href":"https:\/\/radiosolaris.com.br\/beta\/wp-json\/wp\/v2\/posts\/90155","targetHints":{"allow":["GET"]}}],"collection":[{"href":"https:\/\/radiosolaris.com.br\/beta\/wp-json\/wp\/v2\/posts"}],"about":[{"href":"https:\/\/radiosolaris.com.br\/beta\/wp-json\/wp\/v2\/types\/post"}],"author":[{"embeddable":true,"href":"https:\/\/radiosolaris.com.br\/beta\/wp-json\/wp\/v2\/users\/17"}],"replies":[{"embeddable":true,"href":"https:\/\/radiosolaris.com.br\/beta\/wp-json\/wp\/v2\/comments?post=90155"}],"version-history":[{"count":0,"href":"https:\/\/radiosolaris.com.br\/beta\/wp-json\/wp\/v2\/posts\/90155\/revisions"}],"wp:featuredmedia":[{"embeddable":true,"href":"https:\/\/radiosolaris.com.br\/beta\/wp-json\/wp\/v2\/media\/90156"}],"wp:attachment":[{"href":"https:\/\/radiosolaris.com.br\/beta\/wp-json\/wp\/v2\/media?parent=90155"}],"wp:term":[{"taxonomy":"category","embeddable":true,"href":"https:\/\/radiosolaris.com.br\/beta\/wp-json\/wp\/v2\/categories?post=90155"},{"taxonomy":"post_tag","embeddable":true,"href":"https:\/\/radiosolaris.com.br\/beta\/wp-json\/wp\/v2\/tags?post=90155"},{"taxonomy":"powerkit_post_featured","embeddable":true,"href":"https:\/\/radiosolaris.com.br\/beta\/wp-json\/wp\/v2\/powerkit_post_featured?post=90155"}],"curies":[{"name":"wp","href":"https:\/\/api.w.org\/{rel}","templated":true}]}}